{"id":110,"date":"2020-06-22T16:20:00","date_gmt":"2020-06-22T14:20:00","guid":{"rendered":"http:\/\/qzm-rn.de\/?p=110"},"modified":"2020-06-22T16:19:55","modified_gmt":"2020-06-22T14:19:55","slug":"community-call-juli","status":"publish","type":"post","link":"https:\/\/qzm-rn.de\/en\/community-call-juli\/","title":{"rendered":"QZM Community Call am 18. Juli"},"content":{"rendered":"<p>Herzlich eingeladen zum monatlichen Austausch sind alle Interessierten rund um das QZM.<\/p>\n\n\n\n<p>Das QZM-Orgateam wird aus den vergangenen Wochen aus der Planung berichten.<\/p>\n\n\n\n<p>Danach besteht die M\u00f6glichkeit, dass wir uns weiter austauschen zu euren Themen und Fragen.<\/p>\n\n\n\n<p>Bis zum 15.6. k\u00f6nnt ihr uns auch Fragen zusenden, welche wir dann direkt beantworten.<\/p>\n\n\n\n<p><\/p>\n\n\n\n<p>Damit wir p\u00fcnktlich um 10 Uhr starten k\u00f6nnen, ist die Einwahl ab 9:45 Uhr bereits m\u00f6glich.<\/p>\n\n\n\n<p><\/p>\n\n\n\n<p><\/p>","protected":false},"excerpt":{"rendered":"<p>Seid dabei bei unserem Community Call im Juli &#8211; wir freuen uns auf euch!<\/p>","protected":false},"author":2,"featured_media":115,"comment_status":"closed","ping_status":"open","sticky":false,"template":"","format":"standard","meta":{"_tec_requires_first_save":true,"_eb_attr":"","neve_meta_sidebar":"","neve_meta_container":"","neve_meta_enable_content_width":"off","neve_meta_content_width":0,"neve_meta_title_alignment":"","neve_meta_author_avatar":"","neve_post_elements_order":"","neve_meta_disable_header":"","neve_meta_disable_footer":"","neve_meta_disable_title":"","_EventAllDay":false,"_EventTimezone":"","_EventStartDate":"","_EventEndDate":"","_EventStartDateUTC":"","_EventEndDateUTC":"","_EventShowMap":false,"_EventShowMapLink":false,"_EventURL":"","_EventCost":"","_EventCostDescription":"","_EventCurrencySymbol":"","_EventCurrencyCode":"","_EventCurrencyPosition":"","_EventDateTimeSeparator":"","_EventTimeRangeSeparator":"","_EventOrganizerID":[],"_EventVenueID":[],"_OrganizerEmail":"","_OrganizerPhone":"","_OrganizerWebsite":"","_VenueAddress":"","_VenueCity":"","_VenueCountry":"","_VenueProvince":"","_VenueState":"","_VenueZip":"","_VenuePhone":"","_VenueURL":"","_VenueStateProvince":"","_VenueLat":"","_VenueLng":"","_VenueShowMap":false,"_VenueShowMapLink":false,"_tribe_blocks_recurrence_rules":"","_tribe_blocks_recurrence_description":"","_tribe_blocks_recurrence_exclusions":"","iawp_total_views":1,"_jetpack_memberships_contains_paid_content":false,"footnotes":""},"categories":[7,5],"tags":[9,10,11],"class_list":["post-110","post","type-post","status-publish","format-standard","has-post-thumbnail","hentry","category-ankuendigung","category-community-call","tag-queeres-zentrum","tag-queeres-zentrum-mannheim","tag-qzm"],"jetpack_featured_media_url":"https:\/\/qzm-rn.de\/wp-content\/uploads\/2020\/06\/99263607_244742813621501_2620685762940633088_o.jpg","jetpack_sharing_enabled":true,"_links":{"self":[{"href":"https:\/\/qzm-rn.de\/en\/wp-json\/wp\/v2\/posts\/110","targetHints":{"allow":["GET"]}}],"collection":[{"href":"https:\/\/qzm-rn.de\/en\/wp-json\/wp\/v2\/posts"}],"about":[{"href":"https:\/\/qzm-rn.de\/en\/wp-json\/wp\/v2\/types\/post"}],"author":[{"embeddable":true,"href":"https:\/\/qzm-rn.de\/en\/wp-json\/wp\/v2\/users\/2"}],"replies":[{"embeddable":true,"href":"https:\/\/qzm-rn.de\/en\/wp-json\/wp\/v2\/comments?post=110"}],"version-history":[{"count":0,"href":"https:\/\/qzm-rn.de\/en\/wp-json\/wp\/v2\/posts\/110\/revisions"}],"wp:featuredmedia":[{"embeddable":true,"href":"https:\/\/qzm-rn.de\/en\/wp-json\/wp\/v2\/media\/115"}],"wp:attachment":[{"href":"https:\/\/qzm-rn.de\/en\/wp-json\/wp\/v2\/media?parent=110"}],"wp:term":[{"taxonomy":"category","embeddable":true,"href":"https:\/\/qzm-rn.de\/en\/wp-json\/wp\/v2\/categories?post=110"},{"taxonomy":"post_tag","embeddable":true,"href":"https:\/\/qzm-rn.de\/en\/wp-json\/wp\/v2\/tags?post=110"}],"curies":[{"name":"wp","href":"https:\/\/api.w.org\/{rel}","templated":true}]}}