{"id":1473,"date":"2022-02-22T15:05:56","date_gmt":"2022-02-22T14:05:56","guid":{"rendered":"https:\/\/qzm-rn.de\/?p=1473"},"modified":"2022-02-22T15:09:06","modified_gmt":"2022-02-22T14:09:06","slug":"ruckblick_verrnissage_licia_longo_12-02-22","status":"publish","type":"post","link":"https:\/\/qzm-rn.de\/en\/ruckblick_verrnissage_licia_longo_12-02-22\/","title":{"rendered":"R\u00fcckblick auf die Vernissage von Licia Longo am 12.02.22"},"content":{"rendered":"<p>Die Vernissage von und mit Licia Longo im QZM am 12.02.22 war ein voller Erfolg!<\/p>\n\n\n\n<p>Bedingt durch Corona empfingen wir &#8217;nur&#8216; 40 G\u00e4ste und mussten leider einige Absagen erteilen.<\/p>\n\n\n\n<div class=\"wp-block-media-text alignwide is-stacked-on-mobile\"><figure class=\"wp-block-media-text__media\"><img fetchpriority=\"high\" decoding=\"async\" width=\"1024\" height=\"628\" src=\"http:\/\/qzm-rn.de\/wp-content\/uploads\/2022\/02\/Vernissage-Gruppe-1024x628.jpg\" alt=\"\" class=\"wp-image-1476 size-full\" srcset=\"https:\/\/qzm-rn.de\/wp-content\/uploads\/2022\/02\/Vernissage-Gruppe-1024x628.jpg 1024w, https:\/\/qzm-rn.de\/wp-content\/uploads\/2022\/02\/Vernissage-Gruppe-300x184.jpg 300w, https:\/\/qzm-rn.de\/wp-content\/uploads\/2022\/02\/Vernissage-Gruppe-768x471.jpg 768w, https:\/\/qzm-rn.de\/wp-content\/uploads\/2022\/02\/Vernissage-Gruppe-1536x942.jpg 1536w, https:\/\/qzm-rn.de\/wp-content\/uploads\/2022\/02\/Vernissage-Gruppe-18x12.jpg 18w, https:\/\/qzm-rn.de\/wp-content\/uploads\/2022\/02\/Vernissage-Gruppe.jpg 1678w\" sizes=\"(max-width: 1024px) 100vw, 1024px\" \/><\/figure><div class=\"wp-block-media-text__content\">\n<p class=\"has-small-font-size\">Im Bild seht ihr die K\u00fcnstlerin Licia Longo (4. v. r.), einige Besucher*innen der Vernissage, QZM-Teammitglieder sowie Susanne Hun (1. Vorsitzende des QZM, 4. v. l.) und S\u00f6ren Landmann, LSBTI-Beauftragter der Stadt Mannheim (2. v. l), welche die Vernissage &#8211; neben Licia Longo &#8211;  mit jeweils einer Rede er\u00f6ffneten<\/p>\n\n\n\n<p class=\"has-small-font-size\">Bildrechte: Marchivum, Foto: Kathrin Schwab<\/p>\n<\/div><\/div>\n\n\n\n<p><\/p>\n\n\n\n<p>Getreu nach dem Vernissage-Motto: &#8222;No explanation needed&#8220; gab Licia keine Erkl\u00e4rung zu den ausgestellten Werken ab. Sie \u00fcberlie\u00df es den Besuchenden, sich eine eigene Meinung zu bilden. dies f\u00fchrte zu spannenden Gespr\u00e4chen und Begegnungen.<\/p>\n\n\n\n<p>Wer m\u00f6chte, kann sich die Ausstellung noch bis Mitte M\u00e4rz im QZM anschauen, idealweise w\u00e4hrend der Caf\u00e9-\u00d6ffnungszeiten (Do.-Sa. 17-22:30 Uhr).<\/p>\n\n\n\n<p>Ein besonderer Dank geht an das Marchivum und an Kathrin Schwab, die uns mit tollen Bildern versorgt hat.<\/p>\n\n\n\n<div class=\"wp-block-media-text alignwide has-media-on-the-right is-stacked-on-mobile\"><figure class=\"wp-block-media-text__media\"><img decoding=\"async\" width=\"1024\" height=\"683\" src=\"https:\/\/qzm-rn.de\/wp-content\/uploads\/2022\/02\/Vernissage-von-aussen-1-1024x683.jpg\" alt=\"\" class=\"wp-image-1479 size-full\" srcset=\"https:\/\/qzm-rn.de\/wp-content\/uploads\/2022\/02\/Vernissage-von-aussen-1-1024x683.jpg 1024w, https:\/\/qzm-rn.de\/wp-content\/uploads\/2022\/02\/Vernissage-von-aussen-1-300x200.jpg 300w, https:\/\/qzm-rn.de\/wp-content\/uploads\/2022\/02\/Vernissage-von-aussen-1-768x512.jpg 768w, https:\/\/qzm-rn.de\/wp-content\/uploads\/2022\/02\/Vernissage-von-aussen-1-1536x1024.jpg 1536w, https:\/\/qzm-rn.de\/wp-content\/uploads\/2022\/02\/Vernissage-von-aussen-1-18x12.jpg 18w, https:\/\/qzm-rn.de\/wp-content\/uploads\/2022\/02\/Vernissage-von-aussen-1-930x620.jpg 930w, https:\/\/qzm-rn.de\/wp-content\/uploads\/2022\/02\/Vernissage-von-aussen-1.jpg 1966w\" sizes=\"(max-width: 1024px) 100vw, 1024px\" \/><\/figure><div class=\"wp-block-media-text__content\">\n<p class=\"has-small-font-size\">Auch von au\u00dfen machte die Vernissage einen tollen Eindruck und sorgte dank einer Videoinstallation f\u00fcr interessierte Blicke.<\/p>\n\n\n\n<p class=\"has-small-font-size\">Bildrechte: Marchivum, Foto: Kathrin Schwab<\/p>\n<\/div><\/div>\n\n\n\n<p><\/p>\n\n\n\n<p>Der Zeitungsausschnitt ist vom <a href=\"https:\/\/www.mannheimer-morgen.de\/orte\/mannheim_artikel,-mannheim-licia-longo-stellt-im-queeren-zentrum-mannheim-aus-_arid,1913992.html\">Mannheimer Morgen<\/a> (MM+).<\/p>","protected":false},"excerpt":{"rendered":"<p>Die Vernissage von Licia Longo am 12.02.22 war ein voller Erfolg. Die K\u00fcnstlerin stellt ihre Werke noch bis Mitte M\u00e4rz 2022 im QZM aus.<\/p>","protected":false},"author":2,"featured_media":1477,"comment_status":"closed","ping_status":"open","sticky":false,"template":"","format":"standard","meta":{"_tec_requires_first_save":true,"_eb_attr":"","neve_meta_sidebar":"","neve_meta_container":"","neve_meta_enable_content_width":"","neve_meta_content_width":0,"neve_meta_title_alignment":"","neve_meta_author_avatar":"","neve_post_elements_order":"","neve_meta_disable_header":"","neve_meta_disable_footer":"","neve_meta_disable_title":"","_EventAllDay":false,"_EventTimezone":"","_EventStartDate":"","_EventEndDate":"","_EventStartDateUTC":"","_EventEndDateUTC":"","_EventShowMap":false,"_EventShowMapLink":false,"_EventURL":"","_EventCost":"","_EventCostDescription":"","_EventCurrencySymbol":"","_EventCurrencyCode":"","_EventCurrencyPosition":"","_EventDateTimeSeparator":"","_EventTimeRangeSeparator":"","_EventOrganizerID":[],"_EventVenueID":[],"_OrganizerEmail":"","_OrganizerPhone":"","_OrganizerWebsite":"","_VenueAddress":"","_VenueCity":"","_VenueCountry":"","_VenueProvince":"","_VenueState":"","_VenueZip":"","_VenuePhone":"","_VenueURL":"","_VenueStateProvince":"","_VenueLat":"","_VenueLng":"","_VenueShowMap":false,"_VenueShowMapLink":false,"_tribe_blocks_recurrence_rules":"","_tribe_blocks_recurrence_description":"","_tribe_blocks_recurrence_exclusions":"","iawp_total_views":2,"_jetpack_memberships_contains_paid_content":false,"footnotes":""},"categories":[24,4,265],"tags":[71,34,36,21,48,287,286,10,11,188],"class_list":["post-1473","post","type-post","status-publish","format-standard","has-post-thumbnail","hentry","category-feier","category-qzm","category-veranstaltung","tag-lgbti","tag-lsbti","tag-lsbttiq","tag-mannheim","tag-queer","tag-queerart","tag-queerekuenstlerin","tag-queeres-zentrum-mannheim","tag-qzm","tag-vernissage"],"jetpack_featured_media_url":"https:\/\/qzm-rn.de\/wp-content\/uploads\/2022\/02\/Zeitung-Licia-Longo-HP.png","jetpack_sharing_enabled":true,"_links":{"self":[{"href":"https:\/\/qzm-rn.de\/en\/wp-json\/wp\/v2\/posts\/1473","targetHints":{"allow":["GET"]}}],"collection":[{"href":"https:\/\/qzm-rn.de\/en\/wp-json\/wp\/v2\/posts"}],"about":[{"href":"https:\/\/qzm-rn.de\/en\/wp-json\/wp\/v2\/types\/post"}],"author":[{"embeddable":true,"href":"https:\/\/qzm-rn.de\/en\/wp-json\/wp\/v2\/users\/2"}],"replies":[{"embeddable":true,"href":"https:\/\/qzm-rn.de\/en\/wp-json\/wp\/v2\/comments?post=1473"}],"version-history":[{"count":0,"href":"https:\/\/qzm-rn.de\/en\/wp-json\/wp\/v2\/posts\/1473\/revisions"}],"wp:featuredmedia":[{"embeddable":true,"href":"https:\/\/qzm-rn.de\/en\/wp-json\/wp\/v2\/media\/1477"}],"wp:attachment":[{"href":"https:\/\/qzm-rn.de\/en\/wp-json\/wp\/v2\/media?parent=1473"}],"wp:term":[{"taxonomy":"category","embeddable":true,"href":"https:\/\/qzm-rn.de\/en\/wp-json\/wp\/v2\/categories?post=1473"},{"taxonomy":"post_tag","embeddable":true,"href":"https:\/\/qzm-rn.de\/en\/wp-json\/wp\/v2\/tags?post=1473"}],"curies":[{"name":"wp","href":"https:\/\/api.w.org\/{rel}","templated":true}]}}