{"id":5978,"date":"2023-11-16T13:01:05","date_gmt":"2023-11-16T12:01:05","guid":{"rendered":"https:\/\/qzm-rn.de\/?p=5978"},"modified":"2024-09-11T17:10:22","modified_gmt":"2024-09-11T15:10:22","slug":"tdor2023","status":"publish","type":"post","link":"https:\/\/qzm-rn.de\/en\/tdor2023\/","title":{"rendered":"TDoR &#8211; Gedenken und Protestieren &#8211; Information and speeches"},"content":{"rendered":"<h2 class=\"wp-block-heading\">Trans Day of Remembrance 2023<\/h2>\n\n\n\n<div class=\"wp-block-buttons is-layout-flex wp-block-buttons-is-layout-flex\">\n<div class=\"wp-block-button has-custom-width wp-block-button__width-100 has-custom-font-size is-style-primary has-medium-font-size\"><a class=\"wp-block-button__link has-neve-text-color-color has-text-color has-background has-link-color wp-element-button\" style=\"background:linear-gradient(135deg,rgb(6,147,227) 0%,rgb(255,255,255) 49%,rgb(224,81,179) 100%)\">Trans Day of Remembrance 2023<\/a><\/div>\n\n\n\n<div class=\"wp-block-button has-custom-width wp-block-button__width-100 has-custom-font-size is-style-primary has-medium-font-size\"><a class=\"wp-block-button__link has-neve-text-color-color has-text-color has-background has-link-color wp-element-button\" href=\"#deutsch\" style=\"background:linear-gradient(135deg,rgb(6,147,227) 0%,rgb(255,255,255) 49%,rgb(224,81,179) 100%)\">Deutsch<\/a><\/div>\n\n\n\n<div class=\"wp-block-button has-custom-width wp-block-button__width-100 has-custom-font-size is-style-primary has-medium-font-size\"><a class=\"wp-block-button__link has-neve-text-color-color has-nv-site-bg-background-color has-text-color has-background has-link-color wp-element-button\" href=\"#Arch\">Arch\u00e4ologie und ich | Anonym<\/a><\/div>\n\n\n\n<div class=\"wp-block-button has-custom-width wp-block-button__width-100 has-custom-font-size is-style-primary has-medium-font-size\"><a class=\"wp-block-button__link has-neve-text-color-color has-nv-site-bg-background-color has-text-color has-background has-link-color wp-element-button\" href=\"#Aiden\">Ohne Titel | Aiden Luca <\/a><\/div>\n\n\n\n<div class=\"wp-block-button has-custom-width wp-block-button__width-100 has-custom-font-size is-style-primary has-medium-font-size\"><a class=\"wp-block-button__link has-neve-text-color-color has-nv-site-bg-background-color has-text-color has-background has-link-color wp-element-button\" href=\"#Coley\">Ohne Titel | <strong>Coley Klein<\/strong><\/a><\/div>\n\n\n\n<div class=\"wp-block-button has-custom-width wp-block-button__width-100 has-custom-font-size is-style-primary has-medium-font-size\"><a class=\"wp-block-button__link has-neve-text-color-color has-nv-site-bg-background-color has-text-color has-background has-link-color wp-element-button\"><strong>Em Brett (em) | PLUS Rhein-Neckar e. V.<\/strong><\/a><\/div>\n\n\n\n<div class=\"wp-block-button has-custom-width wp-block-button__width-100 has-custom-font-size is-style-primary has-medium-font-size\"><a class=\"wp-block-button__link has-neve-text-color-color has-nv-site-bg-background-color has-text-color has-background has-link-color wp-element-button\" href=\"#QZM\">Susanne Hun (Pronomen egal), Katrin Hofner (alle Pronomen) |  Queeres Zentrum Mannheim e.V.<\/a><\/div>\n\n\n\n<div class=\"wp-block-button has-custom-width wp-block-button__width-100 has-custom-font-size is-style-primary has-medium-font-size\"><a class=\"wp-block-button__link has-neve-text-color-color has-text-color has-background has-link-color wp-element-button\" href=\"#Leichte\" style=\"background:linear-gradient(135deg,rgb(6,147,227) 0%,rgb(255,255,255) 49%,rgb(224,81,179) 100%)\">Erkl\u00e4rung zum T-D*oR in leichter Sprache<\/a><\/div>\n\n\n\n<div class=\"wp-block-button has-custom-width wp-block-button__width-100 has-custom-font-size is-style-primary has-medium-font-size\"><a class=\"wp-block-button__link has-neve-text-color-color has-nv-site-bg-background-color has-text-color has-background has-link-color wp-element-button\" href=\"#awareness\"><strong>Wie wir auf uns aufpassen \/ Awareness-Konzept in einfacher Sprache<\/strong><\/a><\/div>\n\n\n\n<div class=\"wp-block-button has-custom-width wp-block-button__width-100 has-custom-font-size is-style-primary has-medium-font-size\"><a class=\"wp-block-button__link has-neve-text-color-color has-text-color has-background has-link-color wp-element-button\" href=\"#english\" style=\"background:linear-gradient(135deg,rgb(6,147,227) 0%,rgb(255,255,255) 49%,rgb(224,81,179) 100%)\">English<\/a><\/div>\n\n\n\n<div class=\"wp-block-button has-custom-width wp-block-button__width-100 has-custom-font-size is-style-primary has-medium-font-size\"><a class=\"wp-block-button__link has-neve-text-color-color has-nv-site-bg-background-color has-text-color has-background has-link-color wp-element-button\" href=\"#Archeology\">Archeology and&nbsp;me | Anonymous<\/a><\/div>\n\n\n\n<div class=\"wp-block-button has-custom-width wp-block-button__width-100 has-custom-font-size is-style-primary has-medium-font-size\"><a class=\"wp-block-button__link has-neve-text-color-color has-nv-site-bg-background-color has-text-color has-background has-link-color wp-element-button\" href=\"#Coley-Klein\">No titel | Coley Klein<\/a><\/div>\n\n\n\n<div class=\"wp-block-button has-custom-width wp-block-button__width-100 has-custom-font-size is-style-primary has-medium-font-size\"><a class=\"wp-block-button__link has-neve-text-color-color has-text-color has-background has-link-color wp-element-button\" href=\"#francais\" style=\"background:linear-gradient(135deg,rgb(6,147,227) 0%,rgb(255,255,255) 49%,rgb(224,81,179) 100%)\">Fran\u00e7ais<\/a><\/div>\n\n\n\n<div class=\"wp-block-button has-custom-width wp-block-button__width-100 has-custom-font-size is-style-primary has-medium-font-size\"><a class=\"wp-block-button__link has-neve-text-color-color has-text-color has-background has-link-color wp-element-button\" href=\"#italiano\" style=\"background:linear-gradient(135deg,rgb(6,147,227) 0%,rgb(255,255,255) 49%,rgb(224,81,179) 100%)\">Italiano<\/a><\/div>\n\n\n\n<div class=\"wp-block-button has-custom-width wp-block-button__width-100 has-custom-font-size is-style-primary has-medium-font-size\"><a class=\"wp-block-button__link has-neve-text-color-color has-text-color has-background has-link-color wp-element-button\" href=\"#sprache-1\" style=\"background:linear-gradient(135deg,rgb(6,147,227) 0%,rgb(255,255,255) 49%,rgb(224,81,179) 100%)\">\u65e5\u672c\u8a9e<\/a><\/div>\n\n\n\n<div class=\"wp-block-button has-custom-width wp-block-button__width-100 has-custom-font-size is-style-primary has-medium-font-size\"><a class=\"wp-block-button__link has-neve-text-color-color has-text-color has-background has-link-color wp-element-button\" href=\"#sprache2\" style=\"background:linear-gradient(135deg,rgb(6,147,227) 0%,rgb(255,255,255) 49%,rgb(224,81,179) 100%)\">\u0641\u0627\u0631\u0633<\/a><\/div>\n\n\n\n<div class=\"wp-block-button has-custom-width wp-block-button__width-100 has-custom-font-size is-style-primary has-medium-font-size\"><a class=\"wp-block-button__link has-neve-text-color-color has-text-color has-background has-link-color wp-element-button\" href=\"#russisch\" style=\"background:linear-gradient(135deg,rgb(6,147,227) 0%,rgb(255,255,255) 49%,rgb(224,81,179) 100%)\">\u0420\u0443\u0441\u0441\u043a\u0438\u0439<\/a><\/div>\n\n\n\n<div class=\"wp-block-button has-custom-width wp-block-button__width-100 has-custom-font-size is-style-primary has-medium-font-size\"><a class=\"wp-block-button__link has-neve-text-color-color has-text-color has-background has-link-color wp-element-button\" href=\"#tuerkisch\" style=\"background:linear-gradient(135deg,rgb(6,147,227) 0%,rgb(255,255,255) 49%,rgb(224,81,179) 100%)\">T\u00fcrk\u00e7e<\/a><\/div>\n\n\n\n<div class=\"wp-block-button has-custom-width wp-block-button__width-100 has-custom-font-size is-style-primary has-medium-font-size\"><a class=\"wp-block-button__link has-neve-text-color-color has-text-color has-background has-link-color wp-element-button\" href=\"#sprache3\" style=\"background:linear-gradient(135deg,rgb(6,147,227) 0%,rgb(255,255,255) 49%,rgb(224,81,179) 100%)\">\u0639\u0631\u0628\u064a<\/a><\/div>\n<\/div>\n\n\n\n<h2 class=\"wp-block-heading\" id=\"deutsch\">Deutsch<\/h2>\n\n\n\n<p>Trans Day of Remembrance -Tag des Gedenkens an die Opfer von Trans*feindlichkeit <\/p>\n\n\n\n<p>Gedenken und Protestieren!<\/p>\n\n\n\n<p>Jedes Jahr zum Trans Day of Remembrance (TDoR) am 20. November gedenken und ehren wir trans* Menschen, die durch Hass ihr Leben verloren haben. An diesem Tagsch\u00e4rfen wir das Bewusstsein f\u00fcr die Ungerechtigkeit, die trans* Menschen allt\u00e4glich erleben, und wir solidarisieren uns mit trans* Menschen und der trans* Community. Der TDoR wurde 1999 von einer kleinen Gruppe, darunter Gwendolyn Ann Smith, Nancy Nangeroni und Jahaira DeAlto, zum Gedenken an die Schwarzen trans Frauen Rita Hester und Chanelle Pickett, die in Massachusetts (USA) ermordet wurden, ausgerufen. Seitdem gehen Menschen auf die Stra\u00dfe und protestieren gegen trans*feindliche Diskriminierung und Gewalt, die weltweit und auch heute noch passiert. Auch wir stehen ein f\u00fcr Selbstbestimmung, Gleichberechtigung und Sicherheit: Trans* Menschen m\u00fcssen frei und sichtbar leben k\u00f6nnen. Ihre Rechte m\u00fcssen geachtet werden. Sie m\u00fcssen vor Hass und Gewalt gesch\u00fctzt werden. Deshalb: Informiert euch! Schaut nicht weg! Solidarisiert euch! * Mit trans* sind hier alle Menschen gemeint, deren Geschlechtsidentit\u00e4t nicht mit dem Geschlecht \u00fcbereinstimmt, das ihnen bei der Geburt zugewiesen wurde. Also z. B.transgender, transsexuelle, nicht-bin\u00e4re, gender-queere und agender Menschen.<\/p>\n\n\n\n<p><strong>Redebeitr\u00e4ge:<\/strong><\/p>\n\n\n\n<p>(Ausklappen \u00fcber den Pfeil)<\/p>\n\n\n\n<div class=\"wp-block-essential-blocks-accordion  root-eb-accordion-fx47jdx\"><div class=\"eb-parent-wrapper eb-parent-eb-accordion-fx47jdx\"><div class=\"eb-accordion-container eb-accordion-fx47jdx\" data-accordion-type=\"accordion\" data-tab-icon=\"fas fa-angle-right\" data-expanded-icon=\"fas fa-angle-down\" data-transition-duration=\"500\"><div class=\"eb-accordion-inner\">\n<div class=\"wp-block-essential-blocks-accordion-item eb-accordion-item-wn02ocn eb-accordion-wrapper\" data-clickable=\"false\"><div class=\"eb-accordion-title-wrapper eb-accordion-title-wrapper-eb-accordion-fx47jdx\" tabindex=\"0\"><span class=\"eb-accordion-icon-wrapper eb-accordion-icon-wrapper-eb-accordion-fx47jdx\"><span class=\"fas fa-angle-right eb-accordion-icon\"><\/span><\/span><div class=\"eb-accordion-title-content-wrap title-content-eb-accordion-fx47jdx\"><h3 class=\"eb-accordion-title\"><strong>Arch\u00e4ologie und ich, Anonym<\/strong><\/h3><\/div><\/div><div class=\"eb-accordion-content-wrapper eb-accordion-content-wrapper-eb-accordion-fx47jdx\"><div class=\"eb-accordion-content\">\n<p>Die sagen dass wenn meine Gebeine gefunden werden<br>in Jahrhunderten hoff ich,<br>dass man sehen wird dass ich m\u00e4nnlich war<br>Aber ich bin nicht meine Knochen<br>Bin nicht nur Fleisch, Sehnen, Kohlenstoff basiertes Leben, Blut und Speichel<br>Und all die andren grausigen Dinge<br>Ich wurde geboren<br>Ich wuchs auf<br>Ich lebte, ich lebe, ich lebe, ich lebe<br>Und ich werde leben<br>Und ich werd niemanden mir vorschreiben lassen wer ich bin<br>Identit\u00e4t ist fl\u00fcchting, verg\u00e4nglich wie das Leben selbst<br>Ein blo\u00dfer Augenblick der Existenz bevor das Nicht-sein uns verschlingt<br>Und ich werde nicht die kostbare Zeit die mir gegeben ist<br>In Selbsthass und Verneinung wer ich f\u00fchle zu sein<br><br>Die sagen dass wenn meine Gebeine gefunden werden<br>in Jahrhunderten hoff ich,<br>dass man sehen wird dass ich m\u00e4nnlich war<br>Doch mein Geist wird dort nicht ruhen<br>nicht mehr als das dann Strom in meinem Sch\u00e4del ist<br>Ich bin nicht meine Knochen<br>Ich bin ich selbst und ich weig\u2019re mich<br>irgendwer anders zu sein<\/p>\n<\/div><\/div><\/div>\n\n\n\n<div class=\"wp-block-essential-blocks-accordion-item eb-accordion-item-7853e0i eb-accordion-wrapper\" data-clickable=\"false\"><div class=\"eb-accordion-title-wrapper eb-accordion-title-wrapper-eb-accordion-fx47jdx\" tabindex=\"0\"><span class=\"eb-accordion-icon-wrapper eb-accordion-icon-wrapper-eb-accordion-fx47jdx\"><span class=\"fas fa-angle-right eb-accordion-icon\"><\/span><\/span><div class=\"eb-accordion-title-content-wrap title-content-eb-accordion-fx47jdx\"><h3 class=\"eb-accordion-title\"><strong>Aiden Luca (er\/ihm):<\/strong><\/h3><\/div><\/div><div class=\"eb-accordion-content-wrapper eb-accordion-content-wrapper-eb-accordion-fx47jdx\"><div class=\"eb-accordion-content\">\n<p>Schon wieder ein Jahr vorbei. Und schon wieder stehen wir hier und gedenken den verstorbenen trans* Menschen.<\/p>\n\n\n\n<p>Ich f\u00fchle viel. Sehr viel.<\/p>\n\n\n\n<p>Ich habe Angst. Angst, dass es irgendwann MEIN Name ist der da vorgelesen wird. Oder der Name einer&nbsp;meiner freund*innen.<\/p>\n\n\n\n<p>Angst, wie meine, wie unsere Zukunft weiter geht.<\/p>\n\n\n\n<p>Ich f\u00fchle Wut. Wut, dass sich nichts \u00e4ndert. Wir immer noch und schon wieder hier stehen. Wut dar\u00fcber, dass ich mich immer noch regelm\u00e4\u00dfig erkl\u00e4ren muss warum ich mich unsicher f\u00fchle.<\/p>\n\n\n\n<p>Ich f\u00fchle Verzweiflung. Verzweiflung dar\u00fcber, dass ich nicht wei\u00df wie es weiter gehen soll. Dar\u00fcber, dass ich mich so unsicher f\u00fchle.<\/p>\n\n\n\n<p>Ich habe gemischte Gef\u00fchle die sich erst irgendwann im Nachhinein kl\u00e4ren.<\/p>\n\n\n\n<p>Als ich mich in meiner Schule outete bekam ich gemischte Reaktionen. Das was man so erwartet. \u201cWow du bist so mutig\u201d \u201czeig deine wahren Farben!\u201d \u201cMach weiter so\u201d. Und eine Nachricht einer eher rechten Person, von der ich eigentlich gar keine Reaktion erwartet habe. \u201cLieber Aiden. Herzlichen Gl\u00fcckwunsch zu deinem outing. Das muss dich bestimmt viel mut gekostet haben. Ich w\u00fcnsche dir, dass du an unserer Schule nicht nur akzeptiert sondern auch toleriert wirst. Alles gute dir\u201d<\/p>\n\n\n\n<p>Kling ja erstmal ziemlich gut. Die Person hat sich ge\u00e4ndert. Aber mir ist erst sp\u00e4ter klar geworden was mir da eigentlich gew\u00fcnscht worden ist. Eher Toleranz also ertragen und erleiden als Akzeptanz (jemanden annehmen)?? Beim noch weiter dr\u00fcber nachdenken wurde mir eines richtig klar. In was f\u00fcr einer Gesellschaft leben wir eigentlich???<\/p>\n\n\n\n<p>Es hei\u00dft \u201ces ist doch alles besser als vor 10-15 Jahren, warum beschwert ihr euch denn noch?\u201d Warum wohl? Wir gehen gro\u00dfschrittig r\u00fcckw\u00e4rts. Das selbstbestimmungsgesetz kommt und kommt nicht. Rechtspopulistische Parteien werden immer st\u00e4rker. Hass und hetze nehmen \u00fcberhand. Ein<em>e Freund<\/em>in und ich wurden im Zug queerfeindlich beleidigt und angep\u00f6belt und niemanden hat es interessiert. Das sind Themen die uns queere Menschen besch\u00e4ftigen, wo wir aber auch oft auf Unverst\u00e4ndnis von der Gesellschaft sto\u00dfen.<\/p>\n\n\n\n<p>Liebe ally\u2019s die ihr hier seid. Helft uns bitte. Wir brauchen die Unterst\u00fctzung mehr denn je. Schreitet ein wenn ihr was mitbekommt und es sicher f\u00fcr euch ist. Lasst uns nicht nachts alleine nach Hause laufen. Und nehmt uns und unsere Gef\u00fchle ernst. Egal ob Wut, Angst, Verzweiflung oder sonst etwas.<\/p>\n\n\n\n<p>Wir m\u00fcssen als Gesellschaft zusammenhalten. Damit alle sich hier sicher f\u00fchlen k\u00f6nnen. Und solche arschl\u00f6cher wie mein ehemaliger Sch\u00fcler Sprecher in die Schranken gewiesen werden k\u00f6nnen.<\/p>\n<\/div><\/div><\/div>\n\n\n\n<div class=\"wp-block-essential-blocks-accordion-item eb-accordion-item-7pjqaa2 eb-accordion-wrapper\" data-clickable=\"false\"><div class=\"eb-accordion-title-wrapper eb-accordion-title-wrapper-eb-accordion-fx47jdx\" tabindex=\"0\"><span class=\"eb-accordion-icon-wrapper eb-accordion-icon-wrapper-eb-accordion-fx47jdx\"><span class=\"fas fa-angle-right eb-accordion-icon\"><\/span><\/span><div class=\"eb-accordion-title-content-wrap title-content-eb-accordion-fx47jdx\"><h3 class=\"eb-accordion-title\"><strong>Coley Klein<\/strong><\/h3><\/div><\/div><div class=\"eb-accordion-content-wrapper eb-accordion-content-wrapper-eb-accordion-fx47jdx\"><div class=\"eb-accordion-content\">\n<p>Als der Sterne Speer herab<br>Tr\u00e4nen unsrem Himmel gab:<br>Hat vollbracht sie\u2019s und gelacht,<br>sowohl Lamm wie Dich gemacht?<\/p>\n\n\n\n<p>Und wieder<br>Wieder<br>Und wieder<br>Fort f\u00fcr immer und ewig<br>Nur eine Kerze bleibt<br>Bis da nichts mehr zu sehen ist<br>Nicht mehr als ein kahler Fleck<br>Von Trauer durchdrungen<br>Der sich jetzt mit neuem Leben f\u00fcllt<br>Doch der Schrecken liegt noch in der Luft<\/p>\n\n\n\n<p>Schuf dich<\/p>\n\n\n\n<p>Schuf uns<\/p>\n\n\n\n<p>Welch teuflischer Gott<\/p>\n\n\n\n<p>L\u00e4sst ihre eigene Sch\u00f6pfung im Stich<\/p>\n\n\n\n<p>Aus welcher Unvers\u00f6hnlichkeit<\/p>\n\n\n\n<p>War der Holzscheit<\/p>\n\n\n\n<p>In ihren Armen,<\/p>\n\n\n\n<p>die voller Wut und ohne Erbarmen<\/p>\n\n\n\n<p>gegen die K\u00f6rper prallen<\/p>\n\n\n\n<p>bevor die K\u00f6rper selbst zu Boden fallen<\/p>\n\n\n\n<p>Aus welcher Schmiede stammt das Projektil<\/p>\n\n\n\n<p>Das so schnell geschossen<\/p>\n\n\n\n<p>Dass, das Leben schon zerflossen<\/p>\n\n\n\n<p>Als der K\u00f6rper dann zu Boden fiel<\/p>\n\n\n\n<p>Und ein und zwei und frei<\/p>\n\n\n\n<p>Von dieser b\u00f6sen Welt<\/p>\n\n\n\n<p>Ein letzter Atemzug verwandelt sich in Wind<\/p>\n\n\n\n<p>Regen<\/p>\n\n\n\n<p>Die Tr\u00e4nen der Sterne<\/p>\n\n\n\n<p>Rinnen vom Himmel hinab auf Erden<\/p>\n\n\n\n<p>Tilgen alle Gesichter von ihr<\/p>\n\n\n\n<p>die nun nimmer mehr und niemand mehr erschaut<\/p>\n\n\n\n<p>Doch nie ertr\u00e4nkt der Regen das Feuer einer Seele<\/p>\n\n\n\n<p>Gestalten m\u00f6gen ewiglich verloren sein<\/p>\n\n\n\n<p>Gewahrt nur Bilder in den Herzen<\/p>\n\n\n\n<p>Was einst ein Mensch war<\/p>\n\n\n\n<p>Zu Staub und Erd zerfallen<\/p>\n\n\n\n<p>Und alles was bleibt<\/p>\n\n\n\n<p>Ist ein Feuer in einer Seele,<\/p>\n\n\n\n<p>das die Flamme der Kerze am Leben h\u00e4lt<\/p>\n\n\n\n<p>bis niemand mehr da ist<\/p>\n\n\n\n<p>niemand sich ihrer Namen zu entsinnen<\/p>\n\n\n\n<p>Niemand mehr<\/p>\n\n\n\n<p>Die Kerze am brenne zu halten<\/p>\n\n\n\n<p>Niemand mehr<\/p>\n\n\n\n<p>Ihre Namen zu sprechen<\/p>\n\n\n\n<p>Niemand mehr<\/p>\n\n\n\n<p>Ihre Namen zu schreiben<\/p>\n\n\n\n<p>Niemand mehr<\/p>\n\n\n\n<p>Ihre Namen zu lesen<\/p>\n\n\n\n<p>Niemand mehr<\/p>\n\n\n\n<p>eine Kerze zu entz\u00fcnden<\/p>\n\n\n\n<p>Niemand mehr<\/p>\n\n\n\n<p>Um in den Namen der verlorenen zu k\u00e4mpfen<\/p>\n\n\n\n<p>Tiger, Tiger, Flammenpracht<br>in den W\u00e4lder dunkler Nacht:<br>Welcher Sch\u00f6pfer, welcher Gott<br>Schuf dich der Angst gebiert und Tod<\/p>\n\n\n\n<p>Welche L\u00fcgen welche Populismus<\/p>\n\n\n\n<p>Formte eine Welt voll Faschismus<\/p>\n\n\n\n<p>Wann werde sie sich trauen sich zu wehre<\/p>\n\n\n\n<p>Welche Kraft stellt sich den Heeren<\/p>\n\n\n\n<p>Welch Widerstand und welcher Mut<\/p>\n\n\n\n<p>Durchbrach die Mauern dieser Brut<\/p>\n\n\n\n<p>Und wenn F\u00e4uste sich erheben<\/p>\n\n\n\n<p>Wird die ganze Welt erbeben<\/p>\n\n\n\n<p>Tiger Tiger Flammenpracht<\/p>\n\n\n\n<p>In den W\u00e4lder dunkler Nacht<\/p>\n\n\n\n<p>welch schwerer Kampf welch lange Schlacht<\/p>\n\n\n\n<p>zerbrach nun endlich deine Macht<\/p>\n<\/div><\/div><\/div>\n\n\n\n<div class=\"wp-block-essential-blocks-accordion-item eb-accordion-item-rp9egvi eb-accordion-wrapper\" data-clickable=\"false\"><div class=\"eb-accordion-title-wrapper eb-accordion-title-wrapper-eb-accordion-fx47jdx\" tabindex=\"0\"><span class=\"eb-accordion-icon-wrapper eb-accordion-icon-wrapper-eb-accordion-fx47jdx\"><span class=\"fas fa-angle-right eb-accordion-icon\"><\/span><\/span><div class=\"eb-accordion-title-content-wrap title-content-eb-accordion-fx47jdx\"><h3 class=\"eb-accordion-title\">Em Brett (em), PLUS Rhein-Neckar e. V.<\/h3><\/div><\/div><div class=\"eb-accordion-content-wrapper eb-accordion-content-wrapper-eb-accordion-fx47jdx\"><div class=\"eb-accordion-content\">\n<p>Ich darf heute f\u00fcr PLUS sprechen. Wir sind eine Beratungsstelle von und f\u00fcr queere Menschen, hier in Mannheim, Heidelberg und der Region.PLUS wurde vor fast 25 Jahren er\u00f6ffnet.<\/p>\n\n\n\n<p>Genauso lange kommen zu uns in die Beratung und in unsere Gruppen schon queere und trans Menschen, die Anfeindungen und Gewalt erfahren oder beobachten m\u00fcssen.<\/p>\n\n\n\n<p>Sie kommen, weil ihr Recht auf ein authentisches, freies und sicheres Leben missachtet wird.<\/p>\n\n\n\n<p>Sie kommen, weil bei Hass und Hetze gegen sie weggeschaut wird.<\/p>\n\n\n\n<p>Queer-und Transfeindlichkeit haben leider eine lange Tradition.<\/p>\n\n\n\n<p>Durch die Gesellschaft hindurch und \u00fcber L\u00e4ndergrenzen hinweg.<\/p>\n\n\n\n<p>Und in den letzten Jahren erleben wir wieder eine Zuspitzung.<\/p>\n\n\n\n<p>Trans Menschen berichten mehr Diskriminierung und Gewalt in unserer Beratungund in unseren Gruppen.<\/p>\n\n\n\n<p>Gr\u00f6\u00dfere \u00c4ngste und st\u00e4rkere psychische Belastung sind die Folgen.<\/p>\n\n\n\n<p>Mehr Menschen verk\u00fcnden ihre trans-feindlichen &#8222;Fantasien&#8220; lautstark: Auf unserem Anrufbeantworter und auf Fachtagen, in den Parlamenten und in der Presse.<\/p>\n\n\n\n<p>Mehr &#8222;besorgte&#8220; Eltern, B\u00fcrger*innen und Politiker*innen &#8222;engagieren&#8220; sich gegen Selbstbestimmung, gegen Community-und Aufkl\u00e4rungsarbeit.<br>Oft wird es mir da eng ums Herz.<br><br>Und doch: In fast 25 Jahren hat PLUS gelernt:<\/p>\n\n\n\n<p>Wir k\u00f6nnen einander tr\u00f6sten und st\u00e4rken.<br>Wir sind widerst\u00e4ndig, wenn wir f\u00fcreinandereinstehen und voneinander lernen.<br>Wir machen zusammen diese Welt zu einem sch\u00f6neren und sichereren Ort.<br><br>Trans Menschen kommen auch in unsere Beratung und in unsere Gruppen, weil sie wissen:<br>Wir sind nicht allein.<br>Wir sind viele und wir k\u00f6nnen uns viel geben.<br><br>Deshalb:<br>Lasst uns, so verschieden wir auch sind, noch enger zusammenr\u00fccken.<br>Lasst uns zusammen diejenigen betrauern, die heute eigentlich bei uns sein sollten.<br>Lasst uns zusammenalle sch\u00fctzen, die noch so viel wunderbares trans Leben zu leben haben.<\/p>\n<\/div><\/div><\/div>\n\n\n\n<div class=\"wp-block-essential-blocks-accordion-item eb-accordion-item-fjyz1n9 eb-accordion-wrapper\" data-clickable=\"false\"><div class=\"eb-accordion-title-wrapper eb-accordion-title-wrapper-eb-accordion-fx47jdx\" tabindex=\"0\"><span class=\"eb-accordion-icon-wrapper eb-accordion-icon-wrapper-eb-accordion-fx47jdx\"><span class=\"fas fa-angle-right eb-accordion-icon\"><\/span><\/span><div class=\"eb-accordion-title-content-wrap title-content-eb-accordion-fx47jdx\"><h3 class=\"eb-accordion-title\">Susanne Hun (Pronomen egal), Queeres Zentrum Mannheim e.V.)<\/h3><\/div><\/div><div class=\"eb-accordion-content-wrapper eb-accordion-content-wrapper-eb-accordion-fx47jdx\"><div class=\"eb-accordion-content\">\n<p>Ich liebe das Leben!<\/p>\n\n\n\n<p><\/p>\n\n\n\n<p>Ich denke, das geht vielen von uns so. Und das ging wohl auch, trotz aller Widrigkeiten, vielen der ermordeten Menschen \u2013 trans und genderdiversen Menschen \u2013, unserer Community so. Bekannt wurden lediglich 320 der Morde weltweit.<\/p>\n\n\n\n<p><\/p>\n\n\n\n<p>Heute sprechen wir \u00fcber Transfeindlichkeit, gewaltvollen Tod und Mord an trans Personen<\/p>\n\n\n\n<p>Trans-Morde sind politisch. Sie haben System.<br>Wie in Brasilien, das zum 14. Mal die Liste mit der h\u00f6chsten Mordrate anf\u00fchrt. Aber auch Deutschland sch\u00fcrt den Hass gegen trans Menschen. In der Politik, in den Medien, im Alltag und auf der Arbeit, im Internet werden Hass und Misstrauen gegen trans Menschen ganz selbstverst\u00e4ndlich weitergegeben.<\/p>\n\n\n\n<p>Als w\u00e4re es normal. Ist das normal?<\/p>\n\n\n\n<p>Wir waren schon immer da und werden immer da sein. Ein Satz, den ich letztes Jahr an der &nbsp;Gedenkveranstaltung zu Maltes gewaltvollem Tod geschrieben habe.<\/p>\n\n\n\n<p>Wir waren schon immer da und werden immer da sein. Das hei\u00dft auch, dass die Verfolgung von trans Menschen in den letzten Jahrhunderten auch schon immer da war, als w\u00e4re es normal. Ist das normal?<\/p>\n\n\n\n<p>Was ist ein Leben wert? Wessen Leben ist mehr wert?<br>Wiegen Vorbehalte, Misstrauen und Hass gegen das Andere mehr als ein Leben?<\/p>\n\n\n\n<p><\/p>\n\n\n\n<p>Wer sich gerade fragt, ob wir noch \u00fcber trans Menschen sprechen, hat zumindest schon erkannt, dass unabh\u00e4ngig von Geschlecht, Hautfarbe, Religion, Geschlechtsidentit\u00e4t und sexueller Identit\u00e4t, Behinderung, Armut und Alter Menschen immer ein Wert zugrunde liegt.<\/p>\n\n\n\n<p><\/p>\n\n\n\n<p><strong>\u201eWenn etwas immer einen Wert hat, sagt man: Es hat eine W\u00fcrde. Jeder Mensch hat eine W\u00fcrde. Menschenw\u00fcrde bedeutet, dass jeder Mensch wertvoll ist, weil er ein Mensch ist.\u201c Bpb &#8211; Lexikon<\/strong><\/p>\n\n\n\n<p><\/p>\n\n\n\n<p>In Deutschland wird seit Jahrzehnten die Abschaffung des Transsexuellengesetzes von 1981 gefordert. \u00dcbrigens merkte auch das Bundesverfassungsgericht an, dass die gestellten Bedingungen gegen Grundrechte versto\u00dfen. Unter anderem Artikel 1 (1) des Grundgesetzes:<\/p>\n\n\n\n<p>Die W\u00fcrde des Menschen ist unantastbar. Sie zu achten und zu sch\u00fctzen ist Verpflichtung aller staatlichen Gewalt.<\/p>\n\n\n\n<p><\/p>\n\n\n\n<p>Doch steigt die Gewalt gegen Menschen der queeren Community und insbesondere gegen trans &nbsp;Menschenweiter an. Das passiert auch, weil Politik schlecht kommuniziert, Medien aufgrund ihrer Falschmeldungen nicht ausreichend vom Presserat ger\u00fcgt werden und zu wenig Konsequenzen zu erwarten haben, Beh\u00f6rden die Dringlichkeit einer Weiterbildung leugnen und im Internet weiterhin alles gesagt werden darf, was man wohl noch sagen d\u00fcrfen muss.<\/p>\n\n\n\n<p><\/p>\n\n\n\n<p>Aus Gedanken werden Worte, aus Worte werden Taten.<\/p>\n\n\n\n<p>All das bringt langfristig auf die Stra\u00dfe, was bisher sich fast unbemerkt zusammenbraut: Vorbehalte, Misstrauen und Hass gegen das Andere. Und die Forderung nach einfachen L\u00f6sungen in komplizierten Sachverhalten, als w\u00e4re es normal. Ist das normal?<\/p>\n\n\n\n<p><\/p>\n\n\n\n<p>Wir waren schon immer da und werden immer da sein.<br><br><\/p>\n\n\n\n<p>Mit dem Selbstbestimmungsgesetz, das demn\u00e4chst verabschiedet werden soll, hat die Bundesregierung schon alle Vorbehalte mit in den Gesetzestext gegossen, um den Einw\u00fcrfen&nbsp; bestimmter Parteien vorzugreifen. Und damit liefert unsere Regierung den Stoff, aus dem Misstrauen, Vorbehalte und Hass gemacht werden. Machen hat viel mit Macht zu tun. Denn Macht kann sich nur halten, wenn es Personen gibt, die keine haben. Damit sich die, die wenig Macht haben, m\u00e4chtig f\u00fchlen k\u00f6nnen.<\/p>\n\n\n\n<p><\/p>\n\n\n\n<p>Heute, einen Tag vor dem Trans Day of Remembrance, gedenken und ehren wir die Menschen, die aufgrund ihres trans Seins ermordet wurden. Wir kennen lediglich 320 Namen derer, die aufgrund ihres trans Seins, anders Seins so sehr gehasst wurden.<\/p>\n\n\n\n<p><\/p>\n\n\n\n<p>Sie waren haupts\u00e4chlich trans Frauen oder weiblich gelesene trans Personen. Genau gesagt 300 davon.<\/p>\n\n\n\n<p><\/p>\n\n\n\n<p>&nbsp;256 waren auch Rassismus ausgesetzt. Die Ermordeten in Europa waren fast zur H\u00e4lfte Gefl\u00fcchtete oder hatten eine Migrationsgeschichte. Weltweit waren fast die H\u00e4lfte (48%) der ermordeten trans Personen, deren Beruf bekannt ist, Sexarbeiter*innen. In Europa steigt dieser Anteil auf 78%. Viele von ihnen haben sich den Beruf aufgrund ihres trans Seins nicht aussuchen k\u00f6nnen. Wir wollen den Platz in der Gesellschaft einnehmen, der uns zusteht \u2013 unabh\u00e4ngig unserer sexuellen oder Geschlechtsidentit\u00e4t, unabh\u00e4ngig unserer Herkunft oder Hautfarbe, Religion, unabh\u00e4ngig von Behinderung oder Armut.<\/p>\n\n\n\n<p><\/p>\n\n\n\n<p>Wir als queere Community sind aufgefordert, zusammenzuhalten.<\/p>\n\n\n\n<p><\/p>\n\n\n\n<p>Wir betrauen heute die, die unser Zusammenhalt nicht sch\u00fctzen konnte.<\/p>\n\n\n\n<p><\/p>\n\n\n\n<p>Wir waren schon immer da und werden immer da sein.<\/p>\n<\/div><\/div><\/div>\n<\/div><\/div><\/div><\/div>\n\n\n\n<p><\/p>\n\n\n\n<h2 class=\"wp-block-heading\" id=\"Leichte\">Leichte Sprache<\/h2>\n\n\n\n<p>Gewalt gegen Trans\u2219menschen<\/p>\n\n\n\n<p>Trans\u2219menschen sagen:<\/p>\n\n\n\n<p>Es ist egal wie der K\u00f6rper von einem Menschen ist.<\/p>\n\n\n\n<p>Jeder Mensch wei\u00df selbst.<\/p>\n\n\n\n<p>Ich bin ein Mann oder ich bin eine Frau.<\/p>\n\n\n\n<p>Oder ich bin beides: Ein Mann und eine Frau.<\/p>\n\n\n\n<p>Es gibt viel Gewalt gegen Trans\u2219menschen.<\/p>\n\n\n\n<p>Trans\u2219menschen werden:<\/p>\n\n\n\n<ul class=\"wp-block-list\">\n<li>geschlagen.<\/li>\n\n\n\n<li>beleidigt.<\/li>\n\n\n\n<li>get\u00f6tet.<\/li>\n<\/ul>\n\n\n\n<p>Wir sagen:<\/p>\n\n\n\n<p>Das ist falsch!<\/p>\n\n\n\n<p>Deshalb gibt es jedes Jahr am 20. November einen besonderen Tag.<\/p>\n\n\n\n<p>An dem Tag denken wir an alle get\u00f6teten Trans\u2219menschen.<\/p>\n\n\n\n<p>Wir erinnern uns an sie.<\/p>\n\n\n\n<p>Wir sagen:<\/p>\n\n\n\n<p>Die Gewalt gegen Trans\u2219menschen muss aufh\u00f6ren.<\/p>\n\n\n\n<p>Wir sagen den Trans\u2219menschen:<\/p>\n\n\n\n<p>Wir sind f\u00fcr euch da.<\/p>\n\n\n\n<p>Wir stehen an eurer Seite.<\/p>\n\n\n\n<p>Wir wollen:<\/p>\n\n\n\n<p>Trans\u2219menschen bestimmen selbst \u00fcber ihr Leben.<\/p>\n\n\n\n<p>Trans\u2219menschen k\u00f6nnen sicher leben.<\/p>\n\n\n\n<p>Trans\u2219menschen k\u00f6nnen leben wie sie sind.<\/p>\n\n\n\n<p>Alle achten die Rechte von den Trans\u2219menschen.<\/p>\n\n\n\n<hr class=\"wp-block-separator has-alpha-channel-opacity\"\/>\n\n\n\n<h2 class=\"wp-block-heading\" id=\"awareness\"><strong>Wie wir auf uns aufpassen \/ Awareness-Konzept in einfacher Sprache<\/strong><\/h2>\n\n\n\n<p><strong><br>Datum und Uhrzeit: 19. November, 16-20 Uhr<br>Ort: Marktplatz und Innenstadt in Mannheim<\/strong><br><br>Wir wollen am Sonntag zusammen gedenken und demonstrieren.<br>Es soll allen Menschen gut gehen auf der Kund-Gebung.<br>Deshalb bitten wir alle Menschen:<br>Seid respektvoll zu-einander.<br>Passt auf-einander auf.<br>Be-leidi-gungen und Dis-krimi-nierungen sind nicht erlaubt.<br>Macht keine Fotos von anderen ohne zu fragen.<br><br>Es gibt ein Awareness-Team.<br>Awareness ist ein englisches Wort. Es wird &#8222;Ew\u00e4rnes&#8220; ausgesprochen. Es bedeutet &#8222;aufmerksam sein&#8220;.<br>Alle Awareness-Menschen tragen lila Warn-Westen.<br>Sie stehen an ver-schiedenen Orten auf der Kund-Gebung.<br>Ihr k\u00f6nnt das Awareness-Team immer ansprechen.<br><br>Das Awareness-Team kann euch helfen.<br>Zum Beispiel wenn ihr euch schlecht oder unsicher f\u00fchlt.<br>Das Awareness-Team wei\u00df viel \u00fcber Barriere-Freiheit und Sicherheit auf der Kund-Gebung.<br>Es kann euch zum Beispiel den Weg zeigen:<br>&#8211; wo die Toiletten sind<br>&#8211; wo der R\u00fcckzugs-Raum ist<br>&#8211; wo es Infos in Leichter Sprache gibt<br><br>Das Awareness-Team kann euch geben:<br>&#8211; Wasser zum Trinken<br>&#8211; S\u00fc\u00dfes und Salziges zum Essen<br>&#8211; Pflaster<br>&#8211; Oro-Pax, wenn es euch zu laut ist<br>&#8211; Tampons und Binden, falls ihr eure Menstruation habt<br>&#8211; Spiel-Zeug zur Beruhigung<br>&#8211; eine Fleece-Decke, wenn euch kalt ist<br><br>Es gibt Regeln auf der Kund-Gebung.<br>Die Ordner*innen passen auf, dass alle die Regeln einhalten.<br>Bitte haltet euch daran, was die Ordner*innen sagen.<br>Die Ordner*innen tragen Arm-Binden.<br>Nicht erlaubt sind:<br>&#8211; Parteiflaggen<br>&#8211; Alkohol, Drogen<br>&#8211; Waffen<br>&#8211; Feuer<br>&#8211; Be-leidi-gungen und Dis-krimi-nierungen<\/p>\n\n\n\n<hr class=\"wp-block-separator has-alpha-channel-opacity\"\/>\n\n\n\n<h2 class=\"wp-block-heading\" id=\"english\">English<\/h2>\n\n\n\n<p>Trans Day of Remembrance \u2013A Day to Remember the Victims of Transphobia<\/p>\n\n\n\n<p>Remember and protest! Everyyear on the Trans Day of Remembrance (TDoR), the 20th of November, we remember and honourthe memory of trans* people who lost their lives to hate. On this day, we raise awareness for the injustices that trans* people face daily, and we stand in solidarity with trans* people and the transgender community. The TDoR was created by a small group of people, including Gwendolyn Ann Smith, Nancy Nangeroni, and Jahaira DeAlto, in remembrance of the Black trans* women Rita Hester and Chanelle Pickett, who were murdered in Massachussetts (USA). Ever since, people take to the streets to protest transphobic discrimination and violence, which still occur around the world and to this day. We stand for self-determination, equality, and safety. Trans* people must be able to live openly and freely. Their rights must be acknowledged. They must be protected from hate and violence. So: Stayinformed! Don&#8217;t look away! Stand in solidarity! * The term trans* encompasses all people whose gender identity does not match the gender they were assigned at birth, so for example transgender, transsexual**,non-binary, genderqueer and agender people. ** the term transsexual carries different connotations in German: while in English-speaking countries it has a negative historyassociated with so-called &#8222;sexual deviancy&#8220;, many German trans* people, especially older generations,identify with the term transsexuell, which first appeared as a medical term in the 1950s (source: bpb) and is still used for example in German law.<\/p>\n\n\n\n<hr class=\"wp-block-separator has-alpha-channel-opacity\"\/>\n\n\n\n<h2 class=\"wp-block-heading\"><strong>Speeches<\/strong>:<\/h2>\n\n\n\n<div class=\"wp-block-essential-blocks-accordion  root-eb-accordion-yytjqx3\"><div class=\"eb-parent-wrapper eb-parent-eb-accordion-yytjqx3\"><div class=\"eb-accordion-container eb-accordion-yytjqx3\" data-accordion-type=\"accordion\" data-tab-icon=\"fas fa-angle-right\" data-expanded-icon=\"fas fa-angle-down\" data-transition-duration=\"500\"><div class=\"eb-accordion-inner\">\n<div class=\"wp-block-essential-blocks-accordion-item eb-accordion-item-co70gcj eb-accordion-wrapper\" data-clickable=\"false\"><div class=\"eb-accordion-title-wrapper eb-accordion-title-wrapper-eb-accordion-yytjqx3\" tabindex=\"0\"><span class=\"eb-accordion-icon-wrapper eb-accordion-icon-wrapper-eb-accordion-yytjqx3\"><span class=\"fas fa-angle-right eb-accordion-icon\"><\/span><\/span><div class=\"eb-accordion-title-content-wrap title-content-eb-accordion-yytjqx3\"><h3 class=\"eb-accordion-title\"><strong>Archeology and\u00a0me |  Anonymous<\/strong><\/h3><\/div><\/div><div class=\"eb-accordion-content-wrapper eb-accordion-content-wrapper-eb-accordion-yytjqx3\"><div class=\"eb-accordion-content\">\n<p>They say that when my bones are found<br>In centuries I hope<br>That they will see that I was male<br>But I am not my bones<br>Am not mere flesh, sinew, carbon based life and blood and spit<br>And all the other gruesome things&nbsp;<br>I was born<br>I grew up<br>I lived, I live, I live, I live<br>And I will live<br>And I won\u2019t let one or many dictate who I am<br>Identity is fleeting, transient just like life itself<br>A mere moment of existence before nonexistence swallows us<br>And I won\u2019t spend the precious time I\u2019m given<br>In self loathing and denying who I feel to be<\/p>\n\n\n\n<p>They say that when my bones are found<br>In centuries I hope<br>That they will see that I was male<br>But my spirit will not dwell<br>No more than electricity is found in that skull then<br>I am not my bones<br>I\u2019m me and I refuse to be<br>Anybody else<\/p>\n<\/div><\/div><\/div>\n\n\n\n<div class=\"wp-block-essential-blocks-accordion-item eb-accordion-item-dc7uy1x eb-accordion-wrapper\" data-clickable=\"false\"><div class=\"eb-accordion-title-wrapper eb-accordion-title-wrapper-eb-accordion-yytjqx3\" tabindex=\"0\"><span class=\"eb-accordion-icon-wrapper eb-accordion-icon-wrapper-eb-accordion-yytjqx3\"><span class=\"fas fa-angle-right eb-accordion-icon\"><\/span><\/span><div class=\"eb-accordion-title-content-wrap title-content-eb-accordion-yytjqx3\"><h3 class=\"eb-accordion-title\">Coley Klein<\/h3><\/div><\/div><div class=\"eb-accordion-content-wrapper eb-accordion-content-wrapper-eb-accordion-yytjqx3\"><div class=\"eb-accordion-content\">\n<p>When the stars threw down their spears<\/p>\n\n\n\n<p>and watered heaven with their tears<\/p>\n\n\n\n<p>did she smile her work to see<\/p>\n\n\n\n<p>Did she who made the lamb made thee<\/p>\n\n\n\n<p>And again<\/p>\n\n\n\n<p>Again<\/p>\n\n\n\n<p>And again<\/p>\n\n\n\n<p>Gone to never return.<\/p>\n\n\n\n<p>Just a candle left.<\/p>\n\n\n\n<p>Till there is nothing to see<\/p>\n\n\n\n<p>Then an empty space<\/p>\n\n\n\n<p>Their grief once soaked the floor.<\/p>\n\n\n\n<p>Now slowly filled with fresh life<\/p>\n\n\n\n<p>But the sad scent remains.<\/p>\n\n\n\n<p>Made thee<\/p>\n\n\n\n<p>Made us<\/p>\n\n\n\n<p>Which vicious god<\/p>\n\n\n\n<p>Let her creations down drown<\/p>\n\n\n\n<p>Of what wood was made the bludgeon<\/p>\n\n\n\n<p>Thrown<\/p>\n\n\n\n<p>Against their bodies<\/p>\n\n\n\n<p>Just before their bodies<\/p>\n\n\n\n<p>Were thrown to death<\/p>\n\n\n\n<p>In what furnace was the bullet<\/p>\n\n\n\n<p>Shot in her head<\/p>\n\n\n\n<p>Shot her death<\/p>\n\n\n\n<p>Body collapsing onto the ground<\/p>\n\n\n\n<p>One and two and free<\/p>\n\n\n\n<p>Of the cruel world<\/p>\n\n\n\n<p>Another last breath turns to wind<\/p>\n\n\n\n<p>Rain<\/p>\n\n\n\n<p>The tears of the stars<\/p>\n\n\n\n<p>Dropping down from heaven<\/p>\n\n\n\n<p>Washing away all the faces<\/p>\n\n\n\n<p>Which will never be recognized again<\/p>\n\n\n\n<p>But the rain never drowns the fire of a soul<\/p>\n\n\n\n<p>Faces may be gone<\/p>\n\n\n\n<p>Just frames left in hearts<\/p>\n\n\n\n<p>Of what was once a human<\/p>\n\n\n\n<p>Turned to soil<\/p>\n\n\n\n<p>And all that\u2019s left<\/p>\n\n\n\n<p>Is a fire in a soul<\/p>\n\n\n\n<p>Keeping a candle burning<\/p>\n\n\n\n<p>Till there is no one<\/p>\n\n\n\n<p>No one to remember<\/p>\n\n\n\n<p>No one left<\/p>\n\n\n\n<p>To keep that fire burning<\/p>\n\n\n\n<p>No one left<\/p>\n\n\n\n<p>To say their names<\/p>\n\n\n\n<p>No one left<\/p>\n\n\n\n<p>To write their names<\/p>\n\n\n\n<p>No One left<\/p>\n\n\n\n<p>No one left to read their names<\/p>\n\n\n\n<p>No one left<\/p>\n\n\n\n<p>To light a candle<\/p>\n\n\n\n<p>No one left to fight in the names<\/p>\n\n\n\n<p>Of the Lost<\/p>\n\n\n\n<p>Tyger tyger burning bright<\/p>\n\n\n\n<p>In the forests of the night<\/p>\n\n\n\n<p>What immortal hand or eye<\/p>\n\n\n\n<p>Dare frame thy fearful symmetry<\/p>\n\n\n\n<p>What illusion dreams or madness<\/p>\n\n\n\n<p>Made a world of cruel excess<\/p>\n\n\n\n<p>On what wings dare they aspire<\/p>\n\n\n\n<p>What power dare fight the liar<\/p>\n\n\n\n<p>And what resistance &amp; what rods<\/p>\n\n\n\n<p>Could twist the sutures of thy gods<\/p>\n\n\n\n<p>And then the fists rise reformation<\/p>\n\n\n\n<p>What holy land what gorgeous divination<\/p>\n\n\n\n<p>Tyger Tyger burning bright<\/p>\n\n\n\n<p>In the forests of the night<\/p>\n\n\n\n<p>What powerful uprising of union<\/p>\n\n\n\n<p>Could crumble thy ghastly domion<\/p>\n<\/div><\/div><\/div>\n<\/div><\/div><\/div><\/div>\n\n\n\n<p><\/p>\n\n\n\n<hr class=\"wp-block-separator has-alpha-channel-opacity\"\/>\n\n\n\n<h2 class=\"wp-block-heading\" id=\"francais\">Fran\u00e7ais<\/h2>\n\n\n\n<p>Trans Day of Remembrance -Journ\u00e9e de comm\u00e9moration des victimes de la trans*phobie <\/p>\n\n\n\n<p>Se souvenir et protester! Chaque ann\u00e9e, \u00e0 l&#8217;occasion du Trans Day of Remembrance (TDoR) le 20 novembre, nous comm\u00e9morons et honorons les personnes trans* qui ont perdu la vie \u00e0 cause de la haine. Ce jour-l\u00e0, nous sensibilisons le public \u00e0 l&#8217;injustice que vivent les personnes trans* au quotidien et nous exprimons notre solidarit\u00e9 avec les personnes trans* et la communaut\u00e9 trans*. La TDoR a \u00e9t\u00e9 lanc\u00e9e en 1999 par un petit groupe, dont Gwendolyn Ann Smith, Nancy Nangeroni et Jahaira DeAlto, \u00e0 la m\u00e9moire des femmes noires trans Rita Hester et Chanelle Pickett, assassin\u00e9es dans le Massachusetts (\u00c9tats-Unis). Depuis, les gens descendent dans la rue pour protester contre la discrimination et la violence trans*phobes qui se produisent dans le monde entieret encore aujourd&#8217;hui.Nous aussi, nous nous engageons pour l&#8217;autod\u00e9termination, l&#8217;\u00e9galit\u00e9 des droits et la s\u00e9curit\u00e9 : Les personnes trans* doivent pouvoir vivre librement et de mani\u00e8re visible. Leurs droits doivent \u00eatre respect\u00e9s. Elles doivent \u00eatre prot\u00e9g\u00e9es de la haine et de la violence.Donc: informez-vous ! Ne d\u00e9tournez pas le regard! Soyez solidaires! * Par trans*, on entend ici toutes les personnes dont l&#8217;identit\u00e9 de genre ne correspond pas au sexe qui leur a \u00e9t\u00e9 attribu\u00e9 \u00e0 la naissance. Donc par exemple les personnes transgenres, transsexuelles, non-binaires, gender-queer et agender.<\/p>\n\n\n\n<hr class=\"wp-block-separator has-alpha-channel-opacity\"\/>\n\n\n\n<h2 class=\"wp-block-heading\" id=\"italiano\">Italiano<\/h2>\n\n\n\n<p>Trans Day of Remembrance -Giornata della memoria per le vittime dell&#8217;ostilit\u00e0 trans* Commemorare e protestare!<\/p>\n\n\n\n<p>Ogni anno, il 20 novembre, in occasione del Trans Day of Remembrance (TDoR), ricordiamo e onoriamo le persone trans* che hanno perso la vita a causa dell&#8217;odio. In questo giorno, sensibilizziamo l&#8217;opinione pubblica sull&#8217;ingiustizia che le persone trans* subiscono ogni giorno e mostriamo solidariet\u00e0 alle persone trans* e alla comunit\u00e0 trans*. La TDoR \u00e8 stata proclamata nel 1999 da un piccolo gruppo di persone, tra cui Gwendolyn Ann Smith, Nancy Nangeroni e Jahaira DeAlto, in memoria delle donne trans nere Rita Hester e Chanelle Pickett, uccise in Massachusetts (USA). Da allora, le persone sono scese in piazza per protestare contro le discriminazioni e le violenze anti-trans che si verificano ancora oggi in tutto il mondo.Ci battiamo anche per l&#8217;autodeterminazione, l&#8217;uguaglianza e la sicurezza: Le persone trans* devono poter vivere liberamente e in modo visibile. I loro diritti devono essere rispettati. Devono essere protette dall&#8217;odio e dalla violenza.Perci\u00f2: informatevi! Non distogliere lo sguardo! Mostratevi solidali! * Trans* si riferisce a tutte le persone la cui identit\u00e0 di genere non corrisponde al sesso che \u00e8 stato loro assegnato alla nascita. Ad esempio, le persone transgender, transessuali, non binarie, gender-queer e agender.<\/p>\n\n\n\n<hr class=\"wp-block-separator has-alpha-channel-opacity\"\/>\n\n\n\n<h2 class=\"wp-block-heading\" id=\"^\">\u65e5\u672c\u8a9e<\/h2>\n\n\n\n<p>\u30c8\u30e9\u30f3\u30b9\u30b8\u30a7\u30f3\u30c0\u30fc\u8ffd\u60bc\u306e\u65e5-\u30c8\u30e9\u30f3\u30b9*\u30d5\u30a9\u30d3\u30a2\u306e\u72a0\u7272\u8005\u3092\u8ffd\u60bc\u3059\u308b\u65e5<\/p>\n\n\n\n<p>\u8ffd\u60bc\u3068\u6297\u8b70<\/p>\n\n\n\n<p>\u6bce\u5e7411\u670820\u65e5\u306e\u30c8\u30e9\u30f3\u30b9\u30b8\u30a7\u30f3\u30c0\u30fc\u8ffd\u60bc\u306e\u65e5\uff08Trans Day of Remembrance\uff1aTDoR\uff09\u306b\u3001\u79c1\u305f\u3061\u306f\u618e\u60aa\u306b\u3088\u3063\u3066\u547d\u3092\u5931\u3063\u305f\u30c8\u30e9\u30f3\u30b9*\u306e\u4eba\u3005\u3092\u8ffd\u60bc\u3057\u3001\u656c\u610f\u3092\u8868\u3057\u307e\u3059\u3002\u3053\u306e\u65e5\u3001\u79c1\u305f\u3061\u306f\u30c8\u30e9\u30f3\u30b9*\u306e\u4eba\u3005\u304c\u65e5\u3005\u7d4c\u9a13\u3057\u3066\u3044\u308b\u4e0d\u6b63\u7fa9\u306b\u5bfe\u3059\u308b\u8a8d\u8b58\u3092\u9ad8\u3081\u3001\u30c8\u30e9\u30f3\u30b9*\u306e\u4eba\u3005\u3068\u30c8\u30e9\u30f3\u30b9*\u30b3\u30df\u30e5\u30cb\u30c6\u30a3\u3068\u306e\u9023\u5e2f\u3092\u793a\u3057\u307e\u3059\u3002TDoR\u306f1999\u5e74\u3001\u30a2\u30e1\u30ea\u30ab\u306e\u30de\u30b5\u30c1\u30e5\u30fc\u30bb\u30c3\u30c4\u5dde\u3067\u60e8\u6bba\u3055\u308c\u305f\u9ed2\u4eba\u30c8\u30e9\u30f3\u30b9\u5973\u6027\u30ea\u30bf\u30fb\u30d8\u30b9\u30bf\u30fc\u3068\u30c1\u30e3\u30cd\u30eb\u30fb\u30d4\u30b1\u30c3\u30c8\u3092\u8ffd\u60bc\u3059\u308b\u305f\u3081\u3001\u30b0\u30a6\u30a7\u30f3\u30c9\u30ea\u30f3\u30fb\u30a2\u30f3\u30fb\u30b9\u30df\u30b9\u3001\u30ca\u30f3\u30b7\u30fc\u30fb\u30ca\u30f3\u30b2\u30ed\u30cb\u3001\u30b8\u30e3\u30cf\u30a4\u30e9\u30fb\u30c7\u30a2\u30eb\u30c8\u3092\u306f\u3058\u3081\u3068\u3059\u308b\u5c0f\u3055\u306a\u30b0\u30eb\u30fc\u30d7\u306b\u3088\u3063\u3066\u5ba3\u8a00\u3055\u308c\u307e\u3057\u305f\u3002\u305d\u308c\u4ee5\u6765\u3001\u73fe\u5728\u3082\u4e16\u754c\u4e2d\u3067\u8d77\u304d\u3066\u3044\u308b\u30c8\u30e9\u30f3\u30b9\u5dee\u5225\u3084\u66b4\u529b\u306b\u6297\u8b70\u3059\u308b\u305f\u3081\u3001\u4eba\u3005\u306f\u30c7\u30e2\u3092\u884c\u3063\u3066\u3044\u307e\u3059\u3002\u79c1\u305f\u3061\u3082\u81ea\u5df1\u6c7a\u5b9a\u30fb\u5e73\u7b49\u30fb\u5b89\u5168\u306e\u305f\u3081\u306b\u7acb\u3061\u4e0a\u304c\u308a\u307e\u3059\u3002\u30c8\u30e9\u30f3\u30b9*\u306e\u4eba\u3005\u306f\u3001\u81ea\u7531\u306b\u3001\u76ee\u306b\u898b\u3048\u308b\u5f62\u3067\u751f\u304d\u308b\u3053\u3068\u304c\u3067\u304d\u306a\u3051\u308c\u3070\u306a\u308a\u307e\u305b\u3093\u3002\u30c8\u30e9\u30f3\u30b9*\u306e\u4eba\u3005\u306e\u6a29\u5229\u306f\u5c0a\u91cd\u3055\u308c\u306a\u3051\u308c\u3070\u306a\u308a\u307e\u305b\u3093\u3002\u618e\u60aa\u3068\u66b4\u529b\u304b\u3089\u5b88\u3089\u308c\u306a\u3051\u308c\u3070\u306a\u308a\u307e\u305b\u3093\u3002\u3057\u305f\u304c\u3063\u3066\uff1a\u77e5\u308a\u307e\u3057\u3087\u3046\uff01\u9023\u5e2f\u3092\u793a\u3057\u307e\u3057\u3087\u3046\uff01\u76ee\u3092\u80cc\u3051\u306a\u3044\u3067\u304f\u3060\u3055\u3044\uff01* \u3053\u3053\u3067\u3044\u3046\u30c8\u30e9\u30f3\u30b9*\u3068\u306f\u3001\u6027\u81ea\u8a8d\u304c\u51fa\u751f\u6642\u306b\u4e0e\u3048\u3089\u308c\u305f\u6027\u5225\u3068\u4e00\u81f4\u3057\u306a\u3044\u3059\u3079\u3066\u306e\u4eba\u3005\u3092\u6307\u3059\u3002\u4f8b\u3048\u3070\u3001\u30c8\u30e9\u30f3\u30b9\u30b8\u30a7\u30f3\u30c0\u30fc\u3001\u30c8\u30e9\u30f3\u30b9\u30bb\u30af\u30b7\u30e5\u30a2\u30eb\u3001\u30ce\u30f3\u30d0\u30a4\u30ca\u30ea\u30fc\u3001\u30b8\u30a7\u30f3\u30c0\u30fc\u30af\u30a3\u30a2\u3001\u30a2\u30b8\u30a7\u30f3\u30c0\u30fc\u306a\u3069\u3002<\/p>\n\n\n\n<hr class=\"wp-block-separator has-alpha-channel-opacity\"\/>\n\n\n\n<h2 class=\"wp-block-heading\" id=\"sprache2\">\u0641\u0627\u0631\u0633<\/h2>\n\n\n\n<p>&nbsp; &nbsp;&nbsp; &nbsp;&nbsp; \u0631\u0648\u0632 \u06cc\u0627\u062f\u0628\u0648\u062f \u062a\u0631\u0646\u0633 -\u0631\u0648\u0632 \u06cc\u0627\u062f\u0628\u0648\u062f\u0642\u0631\u0628\u0627\u0646\u06cc\u0627\u0646\u062a\u0631\u0646\u0633*\u0641\u0648\u0628\u06cc\u0627 \u0628\u0647 \u062e\u0627\u0637\u0631 \u0628\u0633\u067e\u0627\u0631\u06cc \u062f\u0648 \u0627\u0639\u062a\u0631\u0627\u0636 \u06a9\u0646\u06cc\u062f !\u0647\u0631 \u0633\u0627\u0644 \u062f\u0631 \u0631\u0648\u0632 20\u0646\u0648\u0627\u0645\u0628\u0631 \u062f\u0631 \u0631\u0648\u0632 \u06cc \u0627\u062f\u0628\u0648\u062f\u062a\u0631\u0646\u0633 \u0647\u0627 (TDoR)\u060c \u0627\u0632 \u0627\u0641\u0631\u0627\u062f \u062a\u0631\u0646\u0633\u060c \u06a9\u0647 \u0628\u0647 \u062f\u0644\u06cc \u0644\u0646\u0641\u0631\u062a \u062c\u0627\u0646 \u062e\u0648\u062f \u0631\u0627 \u0627\u0632 \u062f\u0633\u062a \u062f\u0627\u062f\u0647 \u0627\u0646\u062f\u060c \u06cc \u0627\u062f\u0645\u06cc\u06a9\u0646 \u06cc \u0645\u0648 \u0628\u0647 \u0622\u0646\u0647\u0627 \u0627\u062d\u062a\u0631\u0627\u0645 \u0645\u06cc\u06af\u0630\u0627\u0631\u06cc \u0645.\u062f\u0631 \u0627\u06cc \u0646\u0631\u0648\u0632\u060c \u0645\u0627 \u0622\u06af\u0627\u0647\u06cc\u0631\u0627 \u0646\u0633\u0628\u062a \u0628\u0647 \u0628 \u06cc\u0639\u062f\u0627\u0644\u062a \u06cc\u06a9\u0647 \u0627\u0641\u0631\u0627\u062f \u062a\u0631\u0646\u0633 \u0647\u0631 \u0631\u0648\u0632 \u062a\u062c\u0631\u0628\u0647 \u0645\u06cc \u06a9\u0646\u0646\u062f \u0627\u0641\u0632\u0627\u06cc \u0634 \u0645\u06cc\u062f\u0647\u06cc \u0645\u0648 \u0628\u0627 \u0627\u0641\u0631\u0627\u062f \u062a\u0631\u0646\u0633 \u0648 \u062c\u0627\u0645\u0639\u0647 \u062a\u0631\u0646\u0633 \u0627\u0639\u0644\u0627\u0645 \u0647\u0645\u0628\u0633\u062a\u06af\u06cc\u0645\u06cc\u06a9\u0646 \u06cc \u0645 .\u062f\u0631\u0633\u0627\u0644 1999\u062a\u0648\u0633\u0637 \u06cc \u06a9\u06af\u0631\u0648\u0647 \u06a9\u0648\u0686\u06a9 \u0627\u0632 \u062c\u0645\u0644\u0647 \u06af\u0648\u0646\u062f\u0648\u0644\u06cc \u0646\u0622\u0646 \u0627\u0633\u0645\u06cc \u062a\u060c\u0646\u0627\u0646\u0633\u06cc\u0646\u0627\u0646\u062c\u0631\u0648\u0646 \u06cc\u0648 \u062c\u0627\u0647\u0627\u06cc \u0631\u0627\u062f \u06cc\u0622\u0644\u062a\u0648 \u0628\u0647 \u06cc \u0627\u062f\u0632\u0646\u0627\u0646 \u062a\u0631\u0646\u0633 \u0633\u06cc \u0627\u0647\u067e\u0648\u0633\u062a \u0631\u06cc \u062a\u0627\u0647\u0633\u062a\u0631 \u0648 \u0634\u0627\u0646\u0644 \u067e \u06cc \u06a9\u062a\u06a9\u0647 \u062f\u0631 \u0645\u0627\u0633\u0627\u0686\u0648\u0633\u062a \u0627\u06cc \u0627\u0644\u0627\u062a \u0645\u062a\u062d\u062f\u0647 \u0628\u0647 \u0642\u062a\u0644 \u0631\u0633\u06cc \u062f\u0646\u062fTDoR\u0631\u0627\u0647 \u0627\u0646\u062f\u0627\u0632\u06cc \u0634\u062f. \u0627\u0632 \u0622\u0646 \u0632\u0645\u0627\u0646\u060c \u0645\u0631\u062f\u0645 \u0628\u0647 \u062e\u06cc \u0627\u0628\u0627\u0646\u0647\u0627 \u0631 \u06cc \u062e\u062a\u0646\u062f\u0648 \u0639\u0644\u06cc \u0647\u062a\u0628\u0639\u06cc \u0636\u0647\u0627 \u0648 \u062e\u0634\u0648\u0646\u062a \u0647\u0627\u06cc\u0636\u062f \u062a\u0631\u0646\u0633 \u06a9\u0647 \u062f\u0631 \u0633\u0631\u0627\u0633\u0631 \u062c\u0647\u0627\u0646 \u0648 \u062d\u062a \u06cc\u0627\u0645\u0631\u0648\u0632 \u0627\u062a\u0641\u0627\u0642 \u0645\u06cc\u0627\u0641\u062a\u062f \u0627\u0639\u062a\u0631\u0627\u0636 \u06a9\u0631\u062f\u0646\u062f. \u0645\u0627 \u0647\u0645\u0686\u0646 \u06cc \u0646\u0627\u0632 \u062e\u0648\u062f\u0645\u062e\u062a\u0627\u0631 \u06cc\u060c\u0628\u0631\u0627\u0628\u0631 \u06cc\u0648 \u0627\u0645\u0646 \u06cc \u062a\u062f\u0641\u0627\u0639 \u0645\u06cc \u06a9\u0646 \u06cc \u0645 :\u0627\u0641\u0631\u0627\u062f \u062a\u0631\u0646\u0633 \u0628\u0627\u06cc \u062f\u0628\u062a\u0648\u0627\u0646\u0646\u062f \u0622\u0632\u0627\u062f\u0627\u0646\u0647 \u0648 \u0622\u0634\u06a9\u0627\u0631 \u0632\u0646\u062f\u06af\u06cc\u06a9\u0646\u0646\u062f. \u062d\u0642\u0648\u0642 \u0622\u0646\u0647\u0627 \u0628\u0627\u06cc \u062f\u0631\u0639\u0627\u06cc \u062a\u0634\u0648\u062f. \u0622\u0646\u0647\u0627 \u0628\u0627\u06cc \u062f\u062f\u0631 \u0628\u0631\u0627\u0628\u0631 \u0646\u0641\u0631\u062a \u0648 \u062e\u0634\u0648\u0646\u062a \u0645\u062d\u0627\u0641\u0638\u062a \u0634\u0648\u0646\u062f. \u0628\u0646\u0627\u0628\u0631\u0627\u06cc\u0646 : \u062e\u0648\u062f \u0631\u0627 \u0622\u06af\u0627\u0647 \u06a9\u0646\u06cc \u062f! \u0646\u06af\u0627\u0647 \u062e\u0648\u062f \u0631\u0627 \u0628\u0631\u0646\u06af\u0631\u062f\u0627\u0646! \u0647\u0645\u0628\u0633\u062a\u06af \u06cc\u0646\u0634\u0627\u0646 \u0628\u062f\u0647 ! * \u062a\u0631\u0646\u0633 \u0628\u0647 \u062a\u0645\u0627\u0645 \u0627\u0641\u0631\u0627\u062f\u06cc \u0627\u0637\u0644\u0627\u0642 \u0645\u06cc\u0634\u0648\u062f \u06a9\u0647 \u0647\u0648\u06cc \u062a \u062c\u0646\u0633\u06cc \u062a \u06cc\u0622\u0646\u0647\u0627 \u0628\u0627 \u062c\u0646\u0633\u06cc \u062a \u06cc\u06a9\u0647 \u062f\u0631 \u0628\u062f\u0648 \u062a\u0648\u0644\u062f \u0628\u0647 \u0622\u0646\u0647\u0627 \u0627\u062e\u062a\u0635\u0627\u0635 \u062f\u0627\u062f\u0647 \u0634\u062f\u0647 \u0645\u0637\u0627\u0628\u0642\u062a \u0646\u062f\u0627\u0631\u062f. \u0628\u0646\u0627\u0628\u0631\u0627\u06cc \u0646\u0628\u0647 \u0639\u0646\u0648\u0627\u0646 \u0645\u062b\u0627\u0644: \u0627\u0641\u0631\u0627\u062f \u062a\u0631\u0627\u062c\u0646\u0633\u06cc \u062a \u06cc\u060c\u062a\u0631\u0646\u0633\u06a9\u0634\u0648\u0627\u0644\u060c \u063a\u06cc \u0631\u0628\u0627\u06cc \u0646\u0631\u06cc\u060c\u062c\u0646\u0633\u06cc \u062a \u06cc\u06a9\u0648\u0626 \u06cc \u0631\u0648 \u0633\u0646 \u06cc .\u062a\u0628\u0644\u06cc \u063a\u0627\u062a\u06cc \u0627\u0646\u0634\u0627\u0646\u0647\u0627: Queeres Zentrum Mannheim (QZM) \u060cdgti Mannheim \u060cPLUS Rhein-Neckar e. V. \u060csT*ars \u060csT*ernchen \u060cTIN-Stammtisch Heidelberg \u060cTransMann e. V. RG Heidelberg \u060cTransmen Rhein-Neckar \u060cTranstreff Mannheim \u060cLGBTI Mannheim<\/p>\n\n\n\n<hr class=\"wp-block-separator has-alpha-channel-opacity\"\/>\n\n\n\n<h2 class=\"wp-block-heading\" id=\"russisch\">\u0420\u0443\u0441\u0441\u043a\u0438\u0439<\/h2>\n\n\n\n<p>Trans Day of Remembrance -\u0434\u0435\u043d\u044c \u043f\u0430\u043c\u044f\u0442\u0438 \u043e \u0436\u0435\u0440\u0442\u0432\u0430\u0445 \u0442\u0440\u0430\u043d\u0441*\u0444\u043e\u0431\u0438\u0438.<\/p>\n\n\n\n<p>\u041c\u044b \u043f\u043e\u043c\u043d\u0438\u043c! \u0418 \u043c\u044b \u0433\u043e\u0432\u043e\u0440\u0438\u043c \u043e\u0431 \u044d\u0442\u043e\u043c!\u041a\u0430\u0436\u0434\u044b\u0439 \u0433\u043e\u0434 20 \u043d\u043e\u044f\u0431\u0440\u044f \u0432 Trans Day of Remembrance (TDoR) \u043c\u044b \u0432\u0441\u043f\u043e\u043c\u0438\u043d\u0430\u0435\u043c \u0442\u0440\u0430\u043d\u0441*\u043b\u044e\u0434\u0435\u0439, \u043f\u043e\u0433\u0438\u0431\u0448\u0438\u0445 \u043e\u0442 \u043f\u0440\u0435\u0441\u0442\u0443\u043f\u043b\u0435\u043d\u0438\u0439 \u043d\u0430 \u043f\u043e\u0447\u0432\u0435 \u043d\u0435\u043d\u0430\u0432\u0438\u0441\u0442\u0438. \u041c\u044b \u043e\u0431\u0440\u0430\u0449\u0430\u0435\u043c \u043d\u0430\u0448\u0435 \u0432\u043d\u0438\u043c\u0430\u043d\u0438\u0435 \u043d\u0430 \u043d\u0435\u0441\u043f\u0440\u0430\u0432\u0435\u0434\u043b\u0438\u0432\u043e\u0441\u0442\u044c, \u0441 \u043a\u043e\u0442\u043e\u0440\u043e\u0439 \u0442\u0440\u0430\u043d\u0441*\u043b\u044e\u0434\u0438 \u0441\u0442\u0430\u043b\u043a\u0438\u0432\u0430\u044e\u0442\u0441\u044f \u0435\u0436\u0435\u0434\u043d\u0435\u0432\u043d\u043e, \u0438 \u0432\u044b\u0440\u0430\u0436\u0430\u0435\u043c \u043d\u0430\u0448\u0443 \u0441\u043e\u043b\u0438\u0434\u0430\u0440\u043d\u043e\u0441\u0442\u044c \u0441 \u0442\u0440\u0430\u043d\u0441*\u0441\u043e\u043e\u0431\u0449\u0435\u0441\u0442\u0432\u043e\u043c.TDoR \u0431\u044b\u043b \u0438\u043d\u0438\u0446\u0438\u0438\u0440\u043e\u0432\u0430\u043d \u0432 1999 \u0433. \u043c\u0430\u043b\u0435\u043d\u044c\u043a\u043e\u0439 \u0433\u0440\u0443\u043f\u043f\u043e\u0439 \u0430\u043a\u0442\u0438\u0432\u0438\u0441\u0442*\u043e\u043a, \u0441\u043e\u0441\u0442\u043e\u044f\u0432\u0448\u0435\u0439 \u0432 \u0442\u043e\u043c \u0447\u0438\u0441\u043b\u0435 \u0438\u0437 \u0413\u0432\u0435\u043d\u0434\u043e\u043b\u0438\u043d \u042d\u043d\u043d \u0421\u043c\u0438\u0442, \u041d\u044d\u043d\u0441\u0438 \u041d\u0430\u043d\u0433\u0435\u0440\u043e\u043d\u0438 \u0438 \u0414\u0436\u0430\u0445\u0430\u0439\u0440\u044b \u0414\u0435\u0410\u043b\u044c\u0442\u043e. \u041e\u043d\u0438 \u043e\u0440\u0433\u0430\u043d\u0438\u0437\u043e\u0432\u0430\u043b\u0438 \u043f\u0440\u043e\u0442\u0435\u0441\u0442 \u0432 \u0447\u0435\u0441\u0442\u044c \u0447\u0451\u0440\u043d\u044b\u0445 \u0442\u0440\u0430\u043d\u0441*\u0436\u0435\u043d\u0449\u0438\u043d \u0420\u0438\u0442\u044b \u0425\u0435\u0441\u0442\u0435\u0440 \u0438 \u0428\u0430\u043d\u0435\u043b\u044c \u041f\u0438\u043a\u0435\u0442\u0442, \u0443\u0431\u0438\u0442\u044b\u0445 \u0432 \u0448\u0442\u0430\u0442\u0435 \u041c\u0430\u0441\u0441\u0430\u0447\u0443\u0441\u0435\u0442\u0441 (\u0421\u0428\u0410). \u0421 \u0442\u0435\u0445 \u043f\u043e\u0440 \u043b\u044e\u0434\u0438 \u043f\u043e \u0432\u0441\u0435\u043c\u0443 \u043c\u0438\u0440\u0443 \u0432\u044b\u0445\u043e\u0434\u044f\u0442 \u043d\u0430 \u0443\u043b\u0438\u0446\u044b \u0438 \u043f\u0440\u043e\u0442\u0435\u0441\u0442\u0443\u044e\u0442 \u043f\u0440\u043e\u0442\u0438\u0432 \u0442\u0440\u0430\u043d\u0441*\u0444\u043e\u0431\u043d\u043e\u0439 \u0434\u0438\u0441\u043a\u0440\u0438\u043c\u0438\u043d\u0430\u0446\u0438\u0438 \u0438 \u043d\u0430\u0441\u0438\u043b\u0438\u044f .\u0414\u043b\u044f \u043d\u0430\u0441 \u0432\u0430\u0436\u043d\u044b \u0440\u0430\u0432\u043d\u043e\u043f\u0440\u0430\u0432\u0438\u0435, \u0431\u0435\u0437\u043e\u043f\u0430\u0441\u043d\u043e\u0441\u0442\u044c \u0438 \u043f\u0440\u0430\u0432\u043e \u043d\u0430 \u0441\u0430\u043c\u043e\u043e\u043f\u0440\u0435\u0434\u0435\u043b\u0435\u043d\u0438\u0435 \u0442\u0440\u0430\u043d\u0441*\u043b\u044e\u0434\u0435\u0439. \u0422\u0440\u0430\u043d\u0441*\u043b\u044e\u0434\u0438 \u0434\u043e\u043b\u0436\u043d\u044b \u0438\u043c\u0435\u0442\u044c \u0432\u043e\u0437\u043c\u043e\u0436\u043d\u043e\u0441\u0442\u044c \u0436\u0438\u0442\u044c \u0441\u0432\u043e\u0431\u043e\u0434\u043d\u043e \u0438 \u043e\u0442\u043a\u0440\u044b\u0442\u043e. \u041e\u043d\u0438 \u0434\u043e\u0441\u0442\u043e\u0439\u043d\u044b \u0443\u0432\u0430\u0436\u0435\u043d\u0438\u044f \u0438 \u0447\u0435\u043b\u043e\u0432\u0435\u0447\u0435\u0441\u043a\u043e\u0433\u043e \u043e\u0442\u043d\u043e\u0448\u0435\u043d\u0438\u044f, \u0434\u043e\u0441\u0442\u043e\u0439\u043d\u044b \u0441\u043e\u0431\u043b\u044e\u0434\u0435\u043d\u0438\u044f \u0438\u0445 \u043f\u0440\u0430\u0432, \u0434\u043e\u0441\u0442\u043e\u0439\u043d\u044b \u0436\u0438\u0437\u043d\u0438 \u0431\u0435\u0437 \u043f\u043e\u0441\u0442\u043e\u044f\u043d\u043d\u043e\u0439 \u0443\u0433\u0440\u043e\u0437\u044b \u043d\u0430\u0441\u0438\u043b\u0438\u044f \u0438 \u043f\u043e\u0432\u0441\u0435\u043c\u0435\u0441\u0442\u043d\u043e\u0439 \u043d\u0435\u043d\u0430\u0432\u0438\u0441\u0442\u0438 .\u041c\u044b \u043f\u0440\u0438\u0437\u044b\u0432\u0430\u0435\u043c \u0438 \u0432\u0430\u0441 \u043d\u0435 \u0437\u0430\u043a\u0440\u044b\u0432\u0430\u0442\u044c \u0433\u043b\u0430\u0437\u0430 \u043d\u0430 \u0437\u0432\u0435\u0440\u0441\u0442\u0432\u0430, \u0441\u043e\u0432\u0435\u0440\u0448\u0430\u0435\u043c\u044b\u0435 \u043f\u0440\u043e\u0442\u0438\u0432 \u0442\u0440\u0430\u043d\u0441*\u043b\u044e\u0434\u0435\u0439. \u041d\u0435 \u043e\u0442\u0432\u043e\u0440\u0430\u0447\u0438\u0432\u0430\u0439\u0442\u0435\u0441\u044c \u0432 \u0441\u0442\u043e\u0440\u043e\u043d\u0443! \u0418\u043d\u0444\u043e\u0440\u043c\u0438\u0440\u0443\u0439\u0442\u0435 \u0441\u0435\u0431\u044f \u0438 \u0441\u0442\u0430\u043d\u043e\u0432\u0438\u0442\u0435\u0441\u044c \u0441\u043e\u044e\u0437\u043d\u0438\u043a\u0430\u043c\u0438 . *\u0433\u043e\u0432\u043e\u0440\u044f &#8222;\u0442\u0440\u0430\u043d\u0441*&#8220;, \u043c\u044b \u0438\u043c\u0435\u0435\u043c \u0432 \u0432\u0438\u0434\u0443 \u0432\u0441\u0435\u0445, \u0447\u044c\u044f \u0433\u0435\u043d\u0434\u0435\u0440\u043d\u0430\u044f \u0438\u0434\u0435\u043d\u0442\u0438\u0447\u043d\u043e\u0441\u0442\u044c \u043d\u0435 \u0441\u043e\u0432\u043f\u0430\u0434\u0430\u0435\u0442 \u0441 \u043f\u043e\u043b\u043e\u043c, \u043f\u0440\u0438\u043f\u0438\u0441\u0430\u043d\u043d\u044b\u043c \u043f\u0440\u0438 \u0440\u043e\u0436\u0434\u0435\u043d\u0438\u0438. \u041c\u044b \u0432\u043a\u043b\u044e\u0447\u0430\u0435\u043c \u0432 \u044d\u0442\u043e \u0432 \u0442\u043e\u043c \u0447\u0438\u0441\u043b\u0435 \u0442\u0440\u0430\u043d\u0441\u0433\u0435\u043d\u0434\u0435\u0440\u043d\u044b\u0445 \u043b\u044e\u0434\u0435\u0439, \u0442\u0440\u0430\u043d\u0441\u0441\u0435\u043a\u0441\u0443\u0430\u043b\u044c\u043d\u044b\u0445 \u043b\u044e\u0434\u0435\u0439, \u043d\u0435\u0431\u0438\u043d\u0430\u0440\u043d\u044b\u0445, \u0433\u0435\u043d\u0434\u0435\u0440\u043a\u0432\u0438\u0440\u043d\u044b\u0445 \u0438 \u0430\u0433\u0435\u043d\u0434\u0435\u0440\u043d\u044b\u0445 \u043b\u044e\u0434\u0435\u0439 .<\/p>\n\n\n\n<hr class=\"wp-block-separator has-alpha-channel-opacity\"\/>\n\n\n\n<h2 class=\"wp-block-heading\" id=\"tuerkisch\">T\u00fcrk\u00e7e<\/h2>\n\n\n\n<p>Trans d\u00fc\u015fmanl\u0131\u011f\u0131 kurbanlar\u0131n\u0131 anma g\u00fcn\u00fc -trans day of Remembrance (TDoR)<\/p>\n\n\n\n<p>Anal\u0131m ve protesto edelim!Her sene 20 Kas\u0131m\u2019da TDoR\u2019de trans d\u00fc\u015fmanl\u0131\u011f\u0131 y\u00fcz\u00fcnden hayat\u0131n\u0131 kaybeden trans bireylerini \u00f6zlem ve sayg\u0131yla an\u0131yoruz .Bu g\u00fcnde trans bireylerinin g\u00fcnl\u00fck hayatlar\u0131nda ya\u015fad\u0131\u011f\u0131 haks\u0131zl\u0131\u011fa olan bilincimizi keskinle\u015ftiriyoruz ve trans bireylerine ve toplulu\u011funa dayan\u0131\u015fmam\u0131z\u0131 g\u00f6steriyoruz .TDoR 1999 y\u0131l\u0131nda k\u00fc\u00e7\u00fck bir gurup taraf\u0131ndan ba\u015flat\u0131ld\u0131. Bu gurubun baz\u0131 \u00fcyeleri Gwendolyn Ann Smith, Nancy Nangeronive Jahaira DeAltoidi ve Massachusetts (ABD) de \u00f6ld\u00fcr\u00fclen siyahi trans kad\u0131nlarRita Hesterve Chanelle Pickett\u2019i anmak i\u00e7in ba\u015flat\u0131ld\u0131.Bundan beri insanlar soka\u011fa \u00e7\u0131k\u0131p d\u00fcnyada hala bulunan trans bireylerine kar\u015f\u0131 olan ayr\u0131mc\u0131l\u0131\u011f\u0131n\u0131 ve \u015fiddetini protesto ediyorlar .Biz de e\u015fitlik, g\u00fcvenlik ve kendi kaderini tayin hakk\u0131 i\u00e7in aya\u011fa kalk\u0131yoruz: trans bireyleri \u00f6zg\u00fcrce ve g\u00f6r\u00fcn\u00fcr bir \u015fekilde ya\u015fayabilmeli. Onlar\u0131n haklar\u0131na sayg\u0131 g\u00f6sterilmeli. Onlar\u0131 nefret ve \u015fiddetten korumal\u0131y\u0131z.\u0130\u015fte bu y\u00fczden: Kendinizi bilgilendirin! Ba\u015f\u0131n\u0131z\u0131 d\u00f6nmeyin! Dayan\u0131\u015fmaya kat\u0131l\u0131n!\u201cTrans\u201d cinsiyet kimli\u011fi do\u011fumda kendilerine atanan cinsiyetle e\u015fle\u015fmeyem t\u00fcm ki\u015filer anlam\u0131na gelir. Mesela Transgender, Transseks\u00fcel, Non-binary, gender-queer ve gender-siz bireyler.<\/p>\n\n\n\n<hr class=\"wp-block-separator has-alpha-channel-opacity\"\/>\n\n\n\n<h2 class=\"wp-block-heading\" id=\"sprache3\">\u0639\u0631\u0628\u064a<\/h2>\n\n\n\n<p>\u0646\u062a\u0630\u0643\u0631 \u0628\u0645\u0646\u0627\u0633\u0628\u0629 \u00abTrans Day of Remembrance\u00bb (\u064a\u0648\u0645 \u0639\u0627\u0628\u0631 \u0644\u062a\u0630\u0643\u0631)\u0641\u064a \u0627\u0644\u064a\u0648\u0645 \u0627\u0644\u0639\u0634\u0631\u0648\u0646 \u0645\u0646 \u0646\u0648\u0641\u0645\u0628\u0631 \u0643\u0644 \u0639\u0627\u0645 \u0627\u0644\u0623\u0634\u062e\u0627\u0635 \u0627\u0644\u0639\u0627\u0628\u0631\u064a\u0646\\-\u0645\u062f\u0639\u0644\u064a\u0639\u0648\u0644\u0627\u0645\u0648\u064a\u0644\u0627\u0627\u0630\u0647\u0639\u0641\u0631\u0646\u0648\u0629\u064a\u0647\u0627\u0631\u0643\u0628\u0628\u0633\u0628\u0645\u0647\u062a\u0627\u064a\u062d\u0627\u0648\u0631\u0633\u062e\u0646\u064a\u0630\u0651\u0644\u0627*\u062a\u0627\u0640\u0639\u062f\u0627\u0644\u0629 \u0627\u0644\u0630\u064a \u064a\u062a\u0648\u0627\u062c\u0647\u0648\u0646\u0647 \u0627\u0644\u0646\u0627\u0633 \u0627\u0644\u0639\u0627\u0628\u0631\u064a\u0646\\-\u0640\u0627\u062a*\u0648 \u0646\u062a\u0638\u0627\u0647\u0631 \u062a\u0636\u0627\u0645\u0646 \u0645\u0639\u0647\u0645* \u0648 \u062c\u0645\u0639\u064a\u062a\u0647\u0645*\u0627\u0647\u0646\u0645\u0648\u0629\u0631\u064a\u063a\u0635\u0629\u0639\u0648\u0645\u062c\u0645\u064e\u0645\u0648\u064a\u0644\u0627\u0627\u0630\u0647\u062a\u0633\u0651\u0633\u0623\u062c\u0648\u064a\u0646\u062f\u0648\u0644\u0646 \u0622\u0646-\u0633\u0645\u064a\u062b\u0648 \u0648\u0646\u0627\u0646\u0633\u064a \u0646\u0627\u0646\u062c\u064a\u0631\u0648\u0646\u064a \u0648 \u062c\u0627\u0647\u064a\u0631\u0627 \u062f\u064a-\u0622\u0644\u062a\u0648,<\/p>\n\n\n\n<p> \u0633\u062a\u0633\u0648\u0634\u062a\u0648\u0633\u0627\u0645\u0629\u064a\u0644\u0627\u0648\u064a\u0641\u0627\u062a\u0644\u062a\u064f\u0642\u0646\u0627\u062a\u0651\u0644\u0627\u062a\u0643\u064a\u0628\u0644\u064a\u0646\u0627\u0634\u0648\u0631\u064a\u062a\u0633\u064a\u0647\u0627\u062a\u064a\u0631\u0649\u062f\u0648\u0633\u0644\u0627\u062a\u0627\u0631\u0628\u0627\u0639\u0644\u0627\u0621\u0627\u0633\u0646\u0644\u0627\u0631\u0643\u0630\u062a\u0644\u0627\u0644\u0623\u0645\u0631\u064a\u0643\u064a\u0629. \u0648\u0645\u0646\u0630 \u0630\u0644\u0643 \u064a\u0646\u0632\u0644 \u0627\u0644\u0646\u0627\u0633 \u0625\u0644\u0649 \u0627\u0644\u0634\u0627\u0631\u0639 \u0648\u064a\u062a\u0638\u0627\u0647\u0631 \u0636\u062f \u062a\u0645\u064a\u064a\u0632 \u0648\u0639\u0646\u0641 \u0645\u0639\u0627\u062f \u0644\u0639\u0627\u0628\u0631\u064a\u0646\\-\u0640\u0627\u062a* \u0627\u0644\u0630\u0627\u0646 \u0645\u0627 \u0632\u0627\u0644\u0627 \u0645\u0648\u062c\u0648\u062f\u0627 \u0641\u064a \u0643\u0644 \u0627\u0644\u0639\u0627\u0644\u0645. \u0646\u064a\u0631\u0628\u0627\u0639\u0644\u0627\u0635\u0627\u062e\u0634\u0644\u0623\u0627\u0642\u062d\u062a\u0633\u064a.\u0646\u0645\u0623\u0648\u0649\u0648\u0627\u0633\u0645\u0648\u064a\u062a\u0627\u0630\u0644\u0627\u0631\u064a\u0635\u0645\u0644\u0627\u0631\u064a\u0631\u0642\u062a\u0644\u062c\u0623\u0646\u0645\u062f\u0647\u0627\u062c\u0646\u0627\u064b\u0636\u064a\u0623\u0646\u062d\u0646\u0648\\-\u0640\u0627\u062a* \u0623\u0646 \u064a\u0639\u064a\u0634\u0648\u0627 \u0628\u0627\u0644\u062d\u0631\u064a\u0629 \u0648\u0627\u0644\u0623\u0645\u0646 \u0648 \u064a\u062d\u0635\u0644\u0648\u0627 \u0639\u0644\u0649 \u062d\u0642\u0648\u0642\u0647\u0645\\\u0640\u0647\u0646* \u0648\u0623\u0646\u0647\u0645\\-.\u0629\u064a\u0647\u0627\u0631\u0643\u0644\u0627\u0648\u0641\u0646\u0639\u0644\u0627\u062f\u0636\u0646\u0635\u062d\u064f\u064a*\u0646\u0647\u0640\u0644\u0630\u0644\u0643: \u0627\u0633\u062a\u0639\u0644\u0645\u0648\u0627! \u0644\u0627 \u062a\u0646\u0638\u0631\u0648\u0627 \u0628\u0639\u064a\u062f\u0627! \u0625\u0638\u0647\u0631\u0648\u0627 \u062a\u0636\u0627\u0645\u0646\u0643\u0645! \u00ab *\u0639\u0627\u0628\u0631\u00bb \u064a\u0639\u0646\u064a \u0643\u0644 \u0627\u0646\u0633\u0627\u0646 \u0639\u0646\u062f\u0647\\\u0647\u0644\u0628\u0633\u064f\u0646\u0627\u0645\u0645\u0641\u0644\u062a\u062e\u0645)\u0631\u062e\u0623\u0645\u0633\u0627\u0628\u00bb\u0629\u064a\u0631\u062f\u0646\u062c\u0629\u064a\u0648\u0647\u00ab(\u0633\u0646\u062c\u0627\u0647\\-\u0647\u0627 \u0639\u0646\u062f \u0627\u0644\u0648\u0644\u0627\u062f\u0629. \u0639\u0644\u0649 \u0633\u0628\u064a\u0644 \u0627\u0644\u0645\u062b\u0627\u0644 \u062a\u062d\u0648\u0644 \u0627\u0644\u062c\u0646\u0633 \u0623\u0648 \u062a\u063a\u064a\u064a\u0631 \u0627\u0644\u062c\u0646\u0633 \u0623\u0648 \u0643\u0648\u064a\u0631\u064a \u0627\u0644\u0647\u0648\u064a\u0629 \u0627\u0644\u062c\u0646\u062f\u0631\u064a\u0629 \u0623\u0648 \u0644\u0627\u062b\u0646\u0627\u0626\u064a \u0623\u0648 \u0644\u0627\u062c\u0646\u062f\u0631\u064a.<\/p>\n\n\n\n<p><\/p>","protected":false},"excerpt":{"rendered":"<p>Texte und Informationen zum TDoR in verschiedenen Sprachen.<br \/>\nText and information about TDoR in different languages.<br \/>\ntexte et informations sur le TdoR dans diff\u00e9rentes langues.<\/p>","protected":false},"author":2,"featured_media":5979,"comment_status":"closed","ping_status":"open","sticky":false,"template":"","format":"standard","meta":{"_tec_requires_first_save":true,"_eb_attr":"","neve_meta_sidebar":"","neve_meta_container":"","neve_meta_enable_content_width":"","neve_meta_content_width":0,"neve_meta_title_alignment":"","neve_meta_author_avatar":"","neve_post_elements_order":"","neve_meta_disable_header":"","neve_meta_disable_footer":"","neve_meta_disable_title":"","_EventAllDay":false,"_EventTimezone":"","_EventStartDate":"","_EventEndDate":"","_EventStartDateUTC":"","_EventEndDateUTC":"","_EventShowMap":false,"_EventShowMapLink":false,"_EventURL":"","_EventCost":"","_EventCostDescription":"","_EventCurrencySymbol":"","_EventCurrencyCode":"","_EventCurrencyPosition":"","_EventDateTimeSeparator":"","_EventTimeRangeSeparator":"","_EventOrganizerID":[],"_EventVenueID":[],"_OrganizerEmail":"","_OrganizerPhone":"","_OrganizerWebsite":"","_VenueAddress":"","_VenueCity":"","_VenueCountry":"","_VenueProvince":"","_VenueState":"","_VenueZip":"","_VenuePhone":"","_VenueURL":"","_VenueStateProvince":"","_VenueLat":"","_VenueLng":"","_VenueShowMap":false,"_VenueShowMapLink":false,"_tribe_blocks_recurrence_rules":"","_tribe_blocks_recurrence_description":"","_tribe_blocks_recurrence_exclusions":"","iawp_total_views":4,"_jetpack_memberships_contains_paid_content":false,"footnotes":""},"categories":[6,265],"tags":[846,71,30,34,36,21,10,11,807,134],"class_list":["post-5978","post","type-post","status-publish","format-standard","has-post-thumbnail","hentry","category-news","category-veranstaltung","tag-demo","tag-lgbti","tag-lgbttiq","tag-lsbti","tag-lsbttiq","tag-mannheim","tag-queeres-zentrum-mannheim","tag-qzm","tag-tdor","tag-trans"],"jetpack_featured_media_url":"https:\/\/qzm-rn.de\/wp-content\/uploads\/2023\/11\/Design-ohne-Titel-16.png","jetpack_sharing_enabled":true,"_links":{"self":[{"href":"https:\/\/qzm-rn.de\/en\/wp-json\/wp\/v2\/posts\/5978","targetHints":{"allow":["GET"]}}],"collection":[{"href":"https:\/\/qzm-rn.de\/en\/wp-json\/wp\/v2\/posts"}],"about":[{"href":"https:\/\/qzm-rn.de\/en\/wp-json\/wp\/v2\/types\/post"}],"author":[{"embeddable":true,"href":"https:\/\/qzm-rn.de\/en\/wp-json\/wp\/v2\/users\/2"}],"replies":[{"embeddable":true,"href":"https:\/\/qzm-rn.de\/en\/wp-json\/wp\/v2\/comments?post=5978"}],"version-history":[{"count":0,"href":"https:\/\/qzm-rn.de\/en\/wp-json\/wp\/v2\/posts\/5978\/revisions"}],"wp:featuredmedia":[{"embeddable":true,"href":"https:\/\/qzm-rn.de\/en\/wp-json\/wp\/v2\/media\/5979"}],"wp:attachment":[{"href":"https:\/\/qzm-rn.de\/en\/wp-json\/wp\/v2\/media?parent=5978"}],"wp:term":[{"taxonomy":"category","embeddable":true,"href":"https:\/\/qzm-rn.de\/en\/wp-json\/wp\/v2\/categories?post=5978"},{"taxonomy":"post_tag","embeddable":true,"href":"https:\/\/qzm-rn.de\/en\/wp-json\/wp\/v2\/tags?post=5978"}],"curies":[{"name":"wp","href":"https:\/\/api.w.org\/{rel}","templated":true}]}}