{"id":628,"date":"2021-04-09T17:31:32","date_gmt":"2021-04-09T15:31:32","guid":{"rendered":"http:\/\/qzm-rn.de\/?p=628"},"modified":"2021-04-27T09:22:35","modified_gmt":"2021-04-27T07:22:35","slug":"ifed-qzm-meetsregenbogenfamilienzentrum-muenchen-am-06-05-2021-um-2000-uhr","status":"publish","type":"post","link":"https:\/\/qzm-rn.de\/en\/ifed-qzm-meetsregenbogenfamilienzentrum-muenchen-am-06-05-2021-um-2000-uhr\/","title":{"rendered":"IFED: \u201eQZM meets\u2026Regenbogenfamilienzentrum M\u00fcnchen\u201c am 06.05.2021 um 20:00 Uhr"},"content":{"rendered":"<p>Zum Abschluss der Themenwoche trifft das QZM auf das Regenbogenfamilienzentrum in M\u00fcnchen. Vanessa von ILSE wird das Gespr\u00e4ch mit der Fach- und Beratungsstelle Regenbogenfamilien f\u00fchren und wir erfahren, wie der Alltag im Zentrum gestaltet ist, wie eine typische Beratungssituation aussieht und welche Angebote f\u00fcr Familien es dort gibt.<\/p>\n\n\n\n<p>Die Treffpunkt-, Fach- und Beratungsstelle Regenbogenfamilien setzt sich daf\u00fcr ein, gesellschaftliche Bedingungen, die Regenbogenfamilien aller Farben benachteiligt, totschweigt oder unsichtbar h\u00e4lt, zu ver\u00e4ndern und zu verbessern und hat f\u00fcr Regenbogenfamilien verschiedene Beratungs- und Vernetzungsangebote.<\/p>\n\n\n\n<p>Die \u201eQZM meets\u2026\u201c-Reihe soll zum Erfahrungsaustausch und zur Vernetzung von queeren Zentren, Institutionen und Organisationen in Deutschland und weltweit beitragen und l\u00e4uft seit Sommer 2020. Die vorherigen \u201eQZM meets\u2026\u201c k\u00f6nnen auf dem Youtube-Kanal des QZM angesehen werden: <a href=\"https:\/\/www.youtube.com\/channel\/UC2Zs039To6FdtSLYa1U0rnw\" target=\"_blank\" rel=\"noreferrer noopener\">https:\/\/www.youtube.com\/channel\/UC2Zs039To6FdtSLYa1U0rnw<\/a><\/p>\n\n\n\n<hr class=\"wp-block-separator\"\/>\n\n\n\n<p>Einwahldaten:&nbsp;<\/p>\n\n\n\n<p>Zoom-Meeting beitreten<\/p>\n\n\n\n<p><a href=\"https:\/\/us02web.zoom.us\/j\/89884752077?pwd=cnZ1aHZLTkF5dGdxM3Y3a2FQbGxhZz09\">https:\/\/us02web.zoom.us\/j\/89884752077?pwd=cnZ1aHZLTkF5dGdxM3Y3a2FQbGxhZz09<\/a><\/p>\n\n\n\n<p>Meeting-ID: 898 8475 2077<br>Kenncode: 923257<br>Schnelleinwahl mobil<br>+496971049922,,89884752077#,,,,<em>923257# Deutschland +493056795800,,89884752077#,,,,<\/em>923257# Deutschland<\/p>\n\n\n\n<p><\/p>","protected":false},"excerpt":{"rendered":"<p>Die Treffpunkt-, Fach- und Beratungsstelle Regenbogenfamilien in M\u00fcnchen wird uns einen Einblick in ihre Organisation und t\u00e4glich Arbeit geben.<\/p>","protected":false},"author":2,"featured_media":730,"comment_status":"closed","ping_status":"open","sticky":false,"template":"","format":"standard","meta":{"_tec_requires_first_save":true,"_eb_attr":"","neve_meta_sidebar":"","neve_meta_container":"","neve_meta_enable_content_width":"","neve_meta_content_width":0,"neve_meta_title_alignment":"","neve_meta_author_avatar":"","neve_post_elements_order":"","neve_meta_disable_header":"","neve_meta_disable_footer":"","neve_meta_disable_title":"","_EventAllDay":false,"_EventTimezone":"","_EventStartDate":"","_EventEndDate":"","_EventStartDateUTC":"","_EventEndDateUTC":"","_EventShowMap":false,"_EventShowMapLink":false,"_EventURL":"","_EventCost":"","_EventCostDescription":"","_EventCurrencySymbol":"","_EventCurrencyCode":"","_EventCurrencyPosition":"","_EventDateTimeSeparator":"","_EventTimeRangeSeparator":"","_EventOrganizerID":[],"_EventVenueID":[],"_OrganizerEmail":"","_OrganizerPhone":"","_OrganizerWebsite":"","_VenueAddress":"","_VenueCity":"","_VenueCountry":"","_VenueProvince":"","_VenueState":"","_VenueZip":"","_VenuePhone":"","_VenueURL":"","_VenueStateProvince":"","_VenueLat":"","_VenueLng":"","_VenueShowMap":false,"_VenueShowMapLink":false,"_tribe_blocks_recurrence_rules":"","_tribe_blocks_recurrence_description":"","_tribe_blocks_recurrence_exclusions":"","iawp_total_views":0,"_jetpack_memberships_contains_paid_content":false,"footnotes":""},"categories":[7,6,4,31],"tags":[85,93,94,48,10,11,32,84],"class_list":["post-628","post","type-post","status-publish","format-standard","has-post-thumbnail","hentry","category-ankuendigung","category-news","category-qzm","category-qzm-meets","tag-ifed","tag-ifed21","tag-muenchen","tag-queer","tag-queeres-zentrum-mannheim","tag-qzm","tag-qzm-meets","tag-regenbogenfamilie"],"jetpack_featured_media_url":"https:\/\/qzm-rn.de\/wp-content\/uploads\/2021\/04\/WhatsApp-Image-2021-04-26-at-11.02.52.jpeg","jetpack_sharing_enabled":true,"_links":{"self":[{"href":"https:\/\/qzm-rn.de\/en\/wp-json\/wp\/v2\/posts\/628","targetHints":{"allow":["GET"]}}],"collection":[{"href":"https:\/\/qzm-rn.de\/en\/wp-json\/wp\/v2\/posts"}],"about":[{"href":"https:\/\/qzm-rn.de\/en\/wp-json\/wp\/v2\/types\/post"}],"author":[{"embeddable":true,"href":"https:\/\/qzm-rn.de\/en\/wp-json\/wp\/v2\/users\/2"}],"replies":[{"embeddable":true,"href":"https:\/\/qzm-rn.de\/en\/wp-json\/wp\/v2\/comments?post=628"}],"version-history":[{"count":0,"href":"https:\/\/qzm-rn.de\/en\/wp-json\/wp\/v2\/posts\/628\/revisions"}],"wp:featuredmedia":[{"embeddable":true,"href":"https:\/\/qzm-rn.de\/en\/wp-json\/wp\/v2\/media\/730"}],"wp:attachment":[{"href":"https:\/\/qzm-rn.de\/en\/wp-json\/wp\/v2\/media?parent=628"}],"wp:term":[{"taxonomy":"category","embeddable":true,"href":"https:\/\/qzm-rn.de\/en\/wp-json\/wp\/v2\/categories?post=628"},{"taxonomy":"post_tag","embeddable":true,"href":"https:\/\/qzm-rn.de\/en\/wp-json\/wp\/v2\/tags?post=628"}],"curies":[{"name":"wp","href":"https:\/\/api.w.org\/{rel}","templated":true}]}}