{"id":635,"date":"2021-04-09T18:08:28","date_gmt":"2021-04-09T16:08:28","guid":{"rendered":"http:\/\/qzm-rn.de\/?p=635"},"modified":"2021-04-09T18:08:29","modified_gmt":"2021-04-09T16:08:29","slug":"themenwoche-regenbogenfamilie-vom-28-04-06-05-21","status":"publish","type":"post","link":"https:\/\/qzm-rn.de\/en\/themenwoche-regenbogenfamilie-vom-28-04-06-05-21\/","title":{"rendered":"Themenwoche Regenbogenfamilie vom 28.04.-06.05.21"},"content":{"rendered":"<p>Rund um den IFED (International Family Equality Day) am 02. Mai veranstaltet das Queere Zentrum Mannheim zusammen mit ILSE Rhein-Neckar und PLUS Rhein-Neckar die Themenwoche Regenbogenfamilie. Regenbogenfamilien werden noch immer in vielen Bereichen benachteiligt. Ungleichbehandlung vor dem Gesetz, fehlende Beratungs- und Unterst\u00fctzungsangebote oder Diskriminierung durch \u00f6ffentliche Institutionen k\u00f6nnen schwierig f\u00fcr Regenbogenfamilien und welche, die es werden wollen, sein. Wie k\u00f6nnen wir mit den Herausforderungen umgehen und was k\u00f6nnen wir tun, um die Situation zu verbessern?<\/p>\n\n\n\n<p>In f\u00fcnf Veranstaltungen wollen wir uns dem Thema Regenbogenfamilie n\u00e4hern. Wir starten mit der Ausstrahlung der italienischen Sommer-Kom\u00f6die \u201eMom&amp;Mom\u201c, die den einfallsreichen Weg eines lesbischen Paares mit Kinderwunsch beschreibt. Der Vortrag \u201eWelcome Baby\u201c kl\u00e4rt \u00fcber \u00e4u\u00dfere und innere H\u00fcrden auf dem Kinderwunschweg auf und richtet sich an alle am Thema Interessierten. Der Workshop \u201eWelcome Baby\u201c f\u00fcr queere Menschen mit Kinderwunsch zeigt M\u00f6glichkeiten, mental stark den oft langen Weg bis zur Familiengr\u00fcndung zu bestreiten. In der Diskussionsrunde \u201eWas brauchen Regenbogenfamilien? \u2013 Wunsch und Wirklichkeit\u201c diskutieren wir mit Vertretungen von BERTA, LSVD Baden-W\u00fcrttemberg, Netzwerk LSBTTIQ Baden-W\u00fcrttemberg, ILSE und PLUS dar\u00fcber, wie Wunsch und Wirklichkeit gerade bei Beratungsangeboten n\u00e4her zusammenr\u00fccken kann. Und zum Abschluss besuchen wir das Regenbogenfamilienzentrum in M\u00fcnchen virtuell bei \u201eQZM meets\u2026\u201c und bekommen Einblicke in ihre t\u00e4gliche Arbeit und Beratungssituation.<\/p>\n\n\n\n<p>Die QZM Themenwoche Regenbogenfamilie wird in Kooperation mit dem Netzwerk LSBTTIQ Baden-W\u00fcrttemberg und dem LSVD Baden-W\u00fcrttemberg veranstaltet und wird unterst\u00fctzt durch die LSBTI-Beauftragung der Stadt Mannheim.<\/p>\n\n\n\n<p>Programm\u00fcbersicht:<\/p>\n\n\n\n<ul class=\"wp-block-list\"><li>Mittwoch, 28.04.:\u00a0 \u00a0<strong>Film \u201aMom &amp; Mom\u2018<\/strong> im Livestream\u00a0 um 20:15 Uhr (Filmbeginn 20:30 Uhr)<\/li><li>Donnerstag, 29.04.:<strong>\u00a0Vortrag \u201eWelcome Baby! Regenbogenfamilie gr\u00fcnden\u201c\u00a0mit Cora Hansen<\/strong>, 19-21:00 Uhr<\/li><li>Samstag, 01.05.:\u00a0<strong>Workshop<\/strong>\u00a0<strong>\u201eWelcome Baby! Mental stark auf deinem LGBTIQ* Kinderwunschweg\u201c mit Cora Hansen\u00a0<\/strong>\u00a010-14:00 Uhr<\/li><li>Sonntag, 02.05.:\u00a0<strong>Diskussionsrunde \u201eWas brauchen Regenbogenfamilien? \u2013 Wunsch und Wirklichkeit\u201c<\/strong>. 20:00 Uhr<\/li><li>Donnerstag, 06.05.: \u201a<strong>QZM meets\u2026Regenbogenfamilienzentrum M\u00fcnchen<\/strong>&#8218; . 20:00 Uhr<\/li><\/ul>\n\n\n\n<p><\/p>\n\n\n\n<p>Genaueres zu den Veranstaltungen und die Einwahldaten findet ihr bei &#8218;Termine&#8216; und &#8218;Aktuelles&#8216;<\/p>","protected":false},"excerpt":{"rendered":"<p>Vom 28.04. bis 06.05. erwarten euch f\u00fcnf spannende Veranstaltungen rund um den internationalen Regenbogenfamilientag.<\/p>","protected":false},"author":2,"featured_media":619,"comment_status":"closed","ping_status":"open","sticky":false,"template":"","format":"standard","meta":{"_tec_requires_first_save":true,"_eb_attr":"","neve_meta_sidebar":"","neve_meta_container":"","neve_meta_enable_content_width":"","neve_meta_content_width":0,"neve_meta_title_alignment":"","neve_meta_author_avatar":"","neve_post_elements_order":"","neve_meta_disable_header":"","neve_meta_disable_footer":"","neve_meta_disable_title":"","_EventAllDay":false,"_EventTimezone":"","_EventStartDate":"","_EventEndDate":"","_EventStartDateUTC":"","_EventEndDateUTC":"","_EventShowMap":false,"_EventShowMapLink":false,"_EventURL":"","_EventCost":"","_EventCostDescription":"","_EventCurrencySymbol":"","_EventCurrencyCode":"","_EventCurrencyPosition":"","_EventDateTimeSeparator":"","_EventTimeRangeSeparator":"","_EventOrganizerID":[],"_EventVenueID":[],"_OrganizerEmail":"","_OrganizerPhone":"","_OrganizerWebsite":"","_VenueAddress":"","_VenueCity":"","_VenueCountry":"","_VenueProvince":"","_VenueState":"","_VenueZip":"","_VenuePhone":"","_VenueURL":"","_VenueStateProvince":"","_VenueLat":"","_VenueLng":"","_VenueShowMap":false,"_VenueShowMapLink":false,"_tribe_blocks_recurrence_rules":"","_tribe_blocks_recurrence_description":"","_tribe_blocks_recurrence_exclusions":"","iawp_total_views":0,"_jetpack_memberships_contains_paid_content":false,"footnotes":""},"categories":[7,6,4],"tags":[85,93,48,10,11,84],"class_list":["post-635","post","type-post","status-publish","format-standard","has-post-thumbnail","hentry","category-ankuendigung","category-news","category-qzm","tag-ifed","tag-ifed21","tag-queer","tag-queeres-zentrum-mannheim","tag-qzm","tag-regenbogenfamilie"],"jetpack_featured_media_url":"https:\/\/qzm-rn.de\/wp-content\/uploads\/2021\/04\/IFED-.jpeg","jetpack_sharing_enabled":true,"_links":{"self":[{"href":"https:\/\/qzm-rn.de\/en\/wp-json\/wp\/v2\/posts\/635","targetHints":{"allow":["GET"]}}],"collection":[{"href":"https:\/\/qzm-rn.de\/en\/wp-json\/wp\/v2\/posts"}],"about":[{"href":"https:\/\/qzm-rn.de\/en\/wp-json\/wp\/v2\/types\/post"}],"author":[{"embeddable":true,"href":"https:\/\/qzm-rn.de\/en\/wp-json\/wp\/v2\/users\/2"}],"replies":[{"embeddable":true,"href":"https:\/\/qzm-rn.de\/en\/wp-json\/wp\/v2\/comments?post=635"}],"version-history":[{"count":0,"href":"https:\/\/qzm-rn.de\/en\/wp-json\/wp\/v2\/posts\/635\/revisions"}],"wp:featuredmedia":[{"embeddable":true,"href":"https:\/\/qzm-rn.de\/en\/wp-json\/wp\/v2\/media\/619"}],"wp:attachment":[{"href":"https:\/\/qzm-rn.de\/en\/wp-json\/wp\/v2\/media?parent=635"}],"wp:term":[{"taxonomy":"category","embeddable":true,"href":"https:\/\/qzm-rn.de\/en\/wp-json\/wp\/v2\/categories?post=635"},{"taxonomy":"post_tag","embeddable":true,"href":"https:\/\/qzm-rn.de\/en\/wp-json\/wp\/v2\/tags?post=635"}],"curies":[{"name":"wp","href":"https:\/\/api.w.org\/{rel}","templated":true}]}}