{"id":7147,"date":"2024-03-04T11:02:23","date_gmt":"2024-03-04T10:02:23","guid":{"rendered":"https:\/\/qzm-rn.de\/?p=7147"},"modified":"2024-12-19T14:42:12","modified_gmt":"2024-12-19T13:42:12","slug":"qzm-goes-live","status":"publish","type":"post","link":"https:\/\/qzm-rn.de\/en\/qzm-goes-live\/","title":{"rendered":"QZM goes live"},"content":{"rendered":"<p>Am Montag, den 04. M\u00e4rz um 19:00 Uhr sind Anne und Ilka aus dem QZM Vorstand bei RadaR &#8211; Radio Darmstadt in der Sendung &#8222;Ganz sch\u00f6n queer&#8220; zu Gast. Dort werden sie \u00fcber die Monnem Pride 2024 und das Queere Zentrum Mannheim sprechen.<br>Schaltet zahlreich ein auf der Frequenz UKW 103,4 MHz oder <a href=\"https:\/\/live.radiodarmstadt.de\/\">online<\/a> und genie\u00dft ein spannendes, queeres Gespr\u00e4ch um den Montag ausklingen zu lassen! \ud83c\udf08\ud83c\udf99\ufe0f<br>Sendung verpasst oder heute keine Zeit? Kein Problem! Auf der folgenden Webseite wird die Sendung in den n\u00e4chsten 7 Tagen noch <a href=\"https:\/\/www.radiodarmstadt.de\/hoeren\/radarplus7mediathek.html\">here<\/a> nachzuh\u00f6ren sein. Viel Spa\u00df beim H\u00f6ren!<\/p>","protected":false},"excerpt":{"rendered":"<p>Anne und Ilka aus dem QZM Vorstand sprechen am 4. M\u00e4rz um 19:00 Uhr bei RadaR &#8211; Radio Darmstadt \u00fcber das QZM und die Monnem Pride 2024.<\/p>","protected":false},"author":2,"featured_media":7148,"comment_status":"closed","ping_status":"closed","sticky":false,"template":"","format":"standard","meta":{"_tec_requires_first_save":true,"_eb_attr":"","neve_meta_sidebar":"","neve_meta_container":"","neve_meta_enable_content_width":"","neve_meta_content_width":0,"neve_meta_title_alignment":"","neve_meta_author_avatar":"","neve_post_elements_order":"","neve_meta_disable_header":"","neve_meta_disable_footer":"","neve_meta_disable_title":"","_EventAllDay":false,"_EventTimezone":"","_EventStartDate":"","_EventEndDate":"","_EventStartDateUTC":"","_EventEndDateUTC":"","_EventShowMap":false,"_EventShowMapLink":false,"_EventURL":"","_EventCost":"","_EventCostDescription":"","_EventCurrencySymbol":"","_EventCurrencyCode":"","_EventCurrencyPosition":"","_EventDateTimeSeparator":"","_EventTimeRangeSeparator":"","_EventOrganizerID":[],"_EventVenueID":[],"_OrganizerEmail":"","_OrganizerPhone":"","_OrganizerWebsite":"","_VenueAddress":"","_VenueCity":"","_VenueCountry":"","_VenueProvince":"","_VenueState":"","_VenueZip":"","_VenuePhone":"","_VenueURL":"","_VenueStateProvince":"","_VenueLat":"","_VenueLng":"","_VenueShowMap":false,"_VenueShowMapLink":false,"_tribe_blocks_recurrence_rules":"","_tribe_blocks_recurrence_description":"","_tribe_blocks_recurrence_exclusions":"","iawp_total_views":0,"_jetpack_memberships_contains_paid_content":false,"footnotes":""},"categories":[7,272],"tags":[772,71,30,34,36,48,10,11,897],"class_list":["post-7147","post","type-post","status-publish","format-standard","has-post-thumbnail","hentry","category-ankuendigung","category-presse","tag-csd-mannheim","tag-lgbti","tag-lgbttiq","tag-lsbti","tag-lsbttiq","tag-queer","tag-queeres-zentrum-mannheim","tag-qzm","tag-radio"],"jetpack_featured_media_url":"https:\/\/qzm-rn.de\/wp-content\/uploads\/2024\/03\/UKW-1034-MHz-1600-x-1066-px.png","jetpack_sharing_enabled":true,"_links":{"self":[{"href":"https:\/\/qzm-rn.de\/en\/wp-json\/wp\/v2\/posts\/7147","targetHints":{"allow":["GET"]}}],"collection":[{"href":"https:\/\/qzm-rn.de\/en\/wp-json\/wp\/v2\/posts"}],"about":[{"href":"https:\/\/qzm-rn.de\/en\/wp-json\/wp\/v2\/types\/post"}],"author":[{"embeddable":true,"href":"https:\/\/qzm-rn.de\/en\/wp-json\/wp\/v2\/users\/2"}],"replies":[{"embeddable":true,"href":"https:\/\/qzm-rn.de\/en\/wp-json\/wp\/v2\/comments?post=7147"}],"version-history":[{"count":0,"href":"https:\/\/qzm-rn.de\/en\/wp-json\/wp\/v2\/posts\/7147\/revisions"}],"wp:featuredmedia":[{"embeddable":true,"href":"https:\/\/qzm-rn.de\/en\/wp-json\/wp\/v2\/media\/7148"}],"wp:attachment":[{"href":"https:\/\/qzm-rn.de\/en\/wp-json\/wp\/v2\/media?parent=7147"}],"wp:term":[{"taxonomy":"category","embeddable":true,"href":"https:\/\/qzm-rn.de\/en\/wp-json\/wp\/v2\/categories?post=7147"},{"taxonomy":"post_tag","embeddable":true,"href":"https:\/\/qzm-rn.de\/en\/wp-json\/wp\/v2\/tags?post=7147"}],"curies":[{"name":"wp","href":"https:\/\/api.w.org\/{rel}","templated":true}]}}