{"id":8297,"date":"2024-09-27T14:43:09","date_gmt":"2024-09-27T12:43:09","guid":{"rendered":"https:\/\/qzm-rn.de\/?p=8297"},"modified":"2025-12-06T19:25:29","modified_gmt":"2025-12-06T18:25:29","slug":"es-gibt-neuigkeiten-aenderungen-im-team-und-neuer-verein","status":"publish","type":"post","link":"https:\/\/qzm-rn.de\/en\/es-gibt-neuigkeiten-aenderungen-im-team-und-neuer-verein\/","title":{"rendered":"Es gibt Neuigkeiten: \u00c4nderungen im Team und neuer Verein"},"content":{"rendered":"<p>Liebe Mitglieder, Unterst\u00fctzer*innen und Freund*innen des QZM,<\/p>\n\n\n\n<p>in den vergangenen Monaten war viel bei uns in Bewegung, was wir gerne mit euch teilen m\u00f6chten. Unsere Gesch\u00e4ftsf\u00fchrung wird durch eine weitere Person verst\u00e4rkt, im Vorstand gibt es \u00c4nderungen und auch einen neuen Verein gibt es nun offiziell in Mannheim. Mehr dazu erfahrt ihr in diesem Beitrag.<\/p>\n\n\n\n<p>Die anf\u00e4ngliche Tr\u00e4gerschaft der Monnem Pride durch das QZM hatte uns vor der Sommerpause fest im Griff \u2013 nach einem kurzen Verschnaufen im August freuen wir uns jetzt umso mehr, die Neuigkeiten mitteilen zu k\u00f6nnen.<\/p>\n\n\n\n<p><strong>Verst\u00e4rkung in der Gesch\u00e4ftsf\u00fchrung<\/strong><\/p>\n\n\n\n<p>Wie ihr wisst, betreut das QZM viele tolle gro\u00dfe und kleine Projekte. Da wir kontinuierlich wachsen, ist es nun an der Zeit, die Gesch\u00e4ftsstelle zu erweitern. Nach einigen sehr spannenden Vorstellungsgespr\u00e4chen ist die Wahl auf eine Person gefallen, die das QZM besser kennt als jede andere: Susanne Hun wird Teil des Gesch\u00e4ftsf\u00fchrungsteams! Das gibt Susanne die M\u00f6glichkeit, die gro\u00dfen Zukunftsthemen des QZM, allen voran die Umsetzung des Lifecyle-Hauses und die wirtschaftliche Ausgr\u00fcndung einer gUG f\u00fcr die Finanzierung des QZM mit zumindest 30 Stunden in der Woche voranzutreiben. Um die neue Position annehmen zu k\u00f6nnen, hat Susanne das Amt des 1. Vorsitzes niedergelegt.<\/p>\n\n\n\n<p>Die Entscheidung war schwer und fiel kurz vor dem Stra\u00dfenfest und der Rollenwechsel wurde auf Anfang Juli festgelegt.<\/p>\n\n\n\n<p>Wir k\u00f6nnen uns bei Susanne nicht genug bedanken f\u00fcr die Gr\u00fcndung des QZM und die jahrelange, intensive Arbeit als Vorsitz des Vereins. Das Zentrum und Mannheim w\u00fcrden ohne dieses weitreichende Engagement sicher anders aussehen.&nbsp; Und jetzt: Willkommen im Gesch\u00e4ftsf\u00fchrungsteam!<\/p>\n\n\n\n<p>Das hauptamtliche QZM-Team besteht jetzt also aus: Susanne Hun (keine Pronomen, Gesch\u00e4ftsf\u00fchrung), Katrin Hofner (alle Pronomen, Gesch\u00e4ftsf\u00fchrung) und Panda Patzelt (alle Pronomen) auf der FSJ-Stelle.<\/p>\n\n\n\n<p><strong>Ver\u00e4nderungen im Vorstand<\/strong><\/p>\n\n\n\n<p>Um unseren Verein weiterhin mit viel Kompetenz und Hingabe zu unterst\u00fctzen, haben wir die vakante Position des 1. Vorsitzes interimsm\u00e4\u00dfig bis zur anstehenden Mitgliederversammlung mit Andrea Chagas besetzt. Andreas Schwerpunkte liegen in den Bereichen Wirtschaft, Wissenschaft und Kunst. Bereits seit der Gr\u00fcndung des QZM engagiert sie sich ehrenamtlich f\u00fcr unseren Verein, zuletzt als Mitglied des Beirats. Bekannt ist Andrea euch vielleicht aus den Kooperationen des QZM mit der Kunsthalle Mannheim.<\/p>\n\n\n\n<p>Leider verl\u00e4sst Achim Freitag den Vorstand und legt sein Amt nieder. Mit Achim verlieren wir einen kompetenten Menschen, der unser Vorstandsteam mit seiner Expertise, seinen Perspektiven und seiner freundlichen Art extrem bereichert hat. Danke f\u00fcr dein Engagement, lieber Achim! Du wirst uns im Vorstand fehlen \u2013 im QZM werdet ihr Achim aber weiterhin treffen, z.B. bei der Puppy-Theke.<\/p>\n\n\n\n<p>Wir freuen uns, gleich eine Nachfolge f\u00fcr die vielen Aufgaben und die Verantwortung in diesem Amt gefunden zu haben: Caro Bertram wird bis zur n\u00e4chsten Mitgliederversammlung das Amt des Beisitzes interimsm\u00e4\u00dfig \u00fcbernehmen. Caro kennen viele von euch sicher aus dem Team der Queerlactica, das seit 2023 die queersten Parties in Mannheim veranstaltet \u2013 und das zu Gunsten des QZM. Caro ist au\u00dferdem im Caf\u00e9-Team und hat schon verschiedenen Veranstaltungen im QZM umgesetzt, wie z.B. die Pub-Quiz-Abende.<\/p>\n\n\n\n<p>Willkommen im Vorstand, Andrea und Caro!<\/p>\n\n\n\n<p><strong>Monnem Pride ist eingetragener Verein<\/strong><\/p>\n\n\n\n<p>Auch wenn die diesj\u00e4hrige Monnem Pride nun vorbei ist, gibt es besondere Neuigkeiten: Der Verein Monnem Pride ist endlich ein eingetragener Verein! Der monatelange Prozess hat das gesamte Team viele Nerven gekostet, weshalb wir nun umso gl\u00fccklicher sind, dass wir die amtliche Eintragung des Vereins nun endlich best\u00e4tigen k\u00f6nnen. Wir werden euch selbstverst\u00e4ndlich \u00fcber k\u00fcnftige Schritte informieren und freuen uns auf alles, was kommt. Den Vorstand des Vereins stellen seit Mai Susanne Hun (1. Vorsitz), Anne Parlow (stellv. Vorsitz), Sabrina Zimmerer (Kassenf\u00fchrung), Sarah Kinzebach und Caro Bertram (Beisitzend).<\/p>\n\n\n\n<p>Im September und Oktober gibt es viele spannende Veranstaltungen, die ihr wie immer auf unseren Social-Media Kan\u00e4len und auf der Webseite des QZM finden k\u00f6nnt: <a href=\"https:\/\/qzm-rn.de\/en\/veranstaltungen\/\">https:\/\/qzm-rn.de\/veranstaltungen\/<\/a><\/p>\n\n\n\n<p>Save-the-Date: Am 24. November 2024 um 11:00 wird die j\u00e4hrliche Mitgliederversammlung des QZM in den R\u00e4umen in G7 14 stattfinden.<\/p>\n\n\n\n<p>Kontaktm\u00f6glichkeiten:<br>E-Mail: <a href=\"mailto:info@qzm-rn.de\">info@qzm-rn.de<\/a> <br>Tel: 0621 15677628<\/p>","protected":false},"excerpt":{"rendered":"<p>In den vergangenen Monaten war viel bei uns in Bewegung, was wir gerne mit euch teilen m\u00f6chten. Unsere Gesch\u00e4ftsf\u00fchrung wird durch eine weitere Person verst\u00e4rkt, im Vorstand gibt es \u00c4nderungen und auch einen neuen Verein gibt es nun offiziell in Mannheim. Mehr dazu erfahrt ihr in diesem Beitrag.<\/p>","protected":false},"author":2,"featured_media":8303,"comment_status":"closed","ping_status":"open","sticky":false,"template":"","format":"standard","meta":{"_tec_requires_first_save":true,"_eb_attr":"","neve_meta_sidebar":"","neve_meta_container":"","neve_meta_enable_content_width":"","neve_meta_content_width":0,"neve_meta_title_alignment":"","neve_meta_author_avatar":"","neve_post_elements_order":"","neve_meta_disable_header":"","neve_meta_disable_footer":"","neve_meta_disable_title":"","_EventAllDay":false,"_EventTimezone":"","_EventStartDate":"","_EventEndDate":"","_EventStartDateUTC":"","_EventEndDateUTC":"","_EventShowMap":false,"_EventShowMapLink":false,"_EventURL":"","_EventCost":"","_EventCostDescription":"","_EventCurrencySymbol":"","_EventCurrencyCode":"","_EventCurrencyPosition":"","_EventDateTimeSeparator":"","_EventTimeRangeSeparator":"","_EventOrganizerID":[],"_EventVenueID":[],"_OrganizerEmail":"","_OrganizerPhone":"","_OrganizerWebsite":"","_VenueAddress":"","_VenueCity":"","_VenueCountry":"","_VenueProvince":"","_VenueState":"","_VenueZip":"","_VenuePhone":"","_VenueURL":"","_VenueStateProvince":"","_VenueLat":"","_VenueLng":"","_VenueShowMap":false,"_VenueShowMapLink":false,"_tribe_blocks_recurrence_rules":"","_tribe_blocks_recurrence_description":"","_tribe_blocks_recurrence_exclusions":"","iawp_total_views":5,"_jetpack_memberships_contains_paid_content":false,"footnotes":""},"categories":[6,25],"tags":[922,771,10,11,262],"class_list":["post-8297","post","type-post","status-publish","format-standard","has-post-thumbnail","hentry","category-news","category-verein","tag-geschaeftsfuehrung","tag-monnem-pride","tag-queeres-zentrum-mannheim","tag-qzm","tag-vorstand"],"jetpack_featured_media_url":"https:\/\/qzm-rn.de\/wp-content\/uploads\/2024\/09\/Design-ohne-Titel-33.png","jetpack_sharing_enabled":true,"_links":{"self":[{"href":"https:\/\/qzm-rn.de\/en\/wp-json\/wp\/v2\/posts\/8297","targetHints":{"allow":["GET"]}}],"collection":[{"href":"https:\/\/qzm-rn.de\/en\/wp-json\/wp\/v2\/posts"}],"about":[{"href":"https:\/\/qzm-rn.de\/en\/wp-json\/wp\/v2\/types\/post"}],"author":[{"embeddable":true,"href":"https:\/\/qzm-rn.de\/en\/wp-json\/wp\/v2\/users\/2"}],"replies":[{"embeddable":true,"href":"https:\/\/qzm-rn.de\/en\/wp-json\/wp\/v2\/comments?post=8297"}],"version-history":[{"count":0,"href":"https:\/\/qzm-rn.de\/en\/wp-json\/wp\/v2\/posts\/8297\/revisions"}],"wp:featuredmedia":[{"embeddable":true,"href":"https:\/\/qzm-rn.de\/en\/wp-json\/wp\/v2\/media\/8303"}],"wp:attachment":[{"href":"https:\/\/qzm-rn.de\/en\/wp-json\/wp\/v2\/media?parent=8297"}],"wp:term":[{"taxonomy":"category","embeddable":true,"href":"https:\/\/qzm-rn.de\/en\/wp-json\/wp\/v2\/categories?post=8297"},{"taxonomy":"post_tag","embeddable":true,"href":"https:\/\/qzm-rn.de\/en\/wp-json\/wp\/v2\/tags?post=8297"}],"curies":[{"name":"wp","href":"https:\/\/api.w.org\/{rel}","templated":true}]}}