{"id":930,"date":"2021-06-07T10:09:07","date_gmt":"2021-06-07T08:09:07","guid":{"rendered":"https:\/\/qzm-rn.de\/?p=930"},"modified":"2021-06-07T10:09:08","modified_gmt":"2021-06-07T08:09:08","slug":"newsletter-maidt-newsletter-may-english","status":"publish","type":"post","link":"https:\/\/qzm-rn.de\/en\/newsletter-maidt-newsletter-may-english\/","title":{"rendered":"Newsletter Mai(dt.)\/Newsletter May (english)"},"content":{"rendered":"\n<p>English Version below!<\/p>\n\n\n\n<p>Liebe Alle,<\/p>\n\n\n\n<p>im Mai hat sich Vieles getan und in Juni geht es aufregend weiter. Wir freuen uns auf den Bezug unserer \u00dcbergangsimmobilie!<\/p>\n\n\n\n<p><strong>Zuhause-auf-Zeit in den Quadraten<\/strong><\/p>\n\n\n\n<p>Am 1. Juni beziehen wir die \u00dcbergangsr\u00e4ume in G7 und freuen uns riesig auf den neuen Abschnitt!<\/p>\n\n\n\n<p>Zwei Umbauarbeiten werden durch den Vermieter durchgef\u00fchrt: die Vergr\u00f6\u00dferung des WCs im Erdgeschoss, um es barrierearm nutzbar zu machen, und der Einbau einer Schiebet\u00fcr f\u00fcr die Innentreppe, die beide Stockwerke verbindet. F\u00fcr den Einbau einer Theke an der langen Fensterfront hoffen wir auf tatkr\u00e4ftige Unterst\u00fctzung aus der handwerklich begabten Community!<\/p>\n\n\n\n<p>Wie die R\u00e4ume optimal von verschiedenen Gruppen genutzt werden k\u00f6nnen, welche Veranstaltungen stattfinden k\u00f6nnen und wie sich die Nutzung fair aufteilen l\u00e4sst, m\u00f6chten wir mit euch gemeinsam im 4. Community-Workshop erarbeiten. Dieser wird am 12. Juni stattfinden, eine Einladung mit Einwahldaten folgt. Neben Einzelpersonen freuen wir uns auch \u00fcber die Teilnahme von Gruppen und Vereinen, die die R\u00e4umlichkeiten nutzen wollen.<\/p>\n\n\n\n<p>Damit ihr vor dem Workshop ein Gef\u00fchl f\u00fcr die R\u00e4ume bekommt, gibt es zwischen dem 03. und 11.06. M\u00f6glichkeit zur Besichtigung. F\u00fcr wen das nicht m\u00f6glich ist, drehen wir eine Video-Begehung.<\/p>\n\n\n\n<p>Details zur Besichtigung und die M\u00f6glichkeit euch einzutragen findet ihr hier: <a href=\"https:\/\/docs.google.com\/document\/d\/1Lbf58gyX-NE1RdmRi4Y9Y-p8NYhG_SRWb1We7UGakmA\/edit\">https:\/\/docs.google.com\/document\/d\/1Lbf58gyX-NE1RdmRi4Y9Y-p8NYhG_SRWb1We7UGakmA\/edit<\/a>&nbsp;<\/p>\n\n\n\n<p><strong>Vereinsbeitritt und Mitgliederversammlung<\/strong><\/p>\n\n\n\n<p>Seit dem 11. Mai besteht die M\u00f6glichkeit zum Vereinsbeitritt und momentan z\u00e4hlen wir 34 Mitglieder &#8211; Vielen Dank an dieser Stelle auch f\u00fcr die bisherigen gro\u00dfz\u00fcgigen Spenden!<\/p>\n\n\n\n<p>Wer noch vor dem 06.06. beitritt, kann an der Mitgliederversammlung teilnehmen und mitbestimmen.<\/p>\n\n\n\n<p>Zu unserem Online-Beitrittsformular kommt ihr hier: <a href=\"https:\/\/qzm-rn.de\/antrag-auf-mitgliedschaft\/\">https:\/\/qzm-rn.de\/antrag-auf-mitgliedschaft\/<\/a><\/p>\n\n\n\n<p>Die Einladung mit Tagesordnung wurde an die Mitglieder verschickt. Hier geht es neben Jahresbericht u.a. um den Erlass der Beitragsordnung und die Berufung eines Beirats.<\/p>\n\n\n\n<p><strong>Veranstaltungen<\/strong><\/p>\n\n\n\n<p>Im Mai gab es einen weiteren Technik-Kurs zur Nutzung von Signal. Im Anschluss wurden alle QZM-Gruppen auf den neuen Messenger umgezogen.<\/p>\n\n\n\n<p>Daneben gab es f\u00fcnf Veranstaltungen in der Themenwoche Regenbogenfamilie, die zusammen mit ILSE Rhein-Neckar und PLUS Rhein-Neckar veranstaltet wurde, in Kooperation mit dem LSVD Baden-W\u00fcrttemberg, dem Landesnetzwerk LSBTTIQ Baden-W\u00fcrttemberg und der LSBTI-Beauftragung der Stadt Mannheim.<\/p>\n\n\n\n<p>Die Diskussionsrunde \u201eWas brauchen Regenbogenfamilien? \u2013 Wunsch und Wirklichkeit mit Katharina Binder (LSVD BW), Rebecca Rottler (BerTA Stuttgart), Jj Link (Landesnetzwerk LSBTTIQ BW), Ulli Biechele (PLUS Rhein-Neckar) und Matthias K\u00fcck (ILSE Rhein-Neckar) ist auf unserem Youtube-Kanal zu sehen:<\/p>\n\n\n\n<figure class=\"wp-block-embed is-type-video is-provider-youtube wp-block-embed-youtube wp-embed-aspect-16-9 wp-has-aspect-ratio\"><div class=\"wp-block-embed__wrapper\">\n<div  id=\"_ytid_97731\" class=\"__youtube_prefs__  __youtube_prefs_gdpr__  epyt-is-override \" allowfullscreen data-no-lazy=\"1\" data-skipgform_ajax_framebjll=\"\"><p>Bitte akzeptieren Sie YouTube-Cookies, um dieses Video abzuspielen. Wenn Sie dies akzeptieren, greifen Sie auf Inhalte von YouTube zu, einem Dienst, der von einer externen dritten Partei bereitgestellt wird.<\/p>\n<p><a href=\"https:\/\/policies.google.com\/privacy\" target=\"_blank\" rel=\"noopener\">YouTube privacy policy<\/a><\/p>\n<p>Wenn Sie diesen Hinweis akzeptieren, wird Ihre Wahl gespeichert und die Seite wird aktualisiert.<\/p>\n<button type=\"button\" class=\"__youtube_prefs_gdpr__\">YouTube Inhalte akzeptieren<img decoding=\"async\" src=\"https:\/\/qzm-rn.de\/wp-content\/plugins\/youtube-embed-plus\/images\/icon-check.png\" alt=\"accept\" data-no-lazy=\"1\" data-skipgform_ajax_framebjll=\"\" \/><\/button><\/div>\n<\/div><\/figure>\n\n\n\n<p>Das \u201aQZM meets\u2026 Regenbogenfamilienzentrum M\u00fcnchen\u2018 mit spannenden Einblicken in deren Arbeit vor und w\u00e4hrend Corona k\u00f6nnt ihr hier finden:<\/p>\n\n\n\n<figure class=\"wp-block-embed is-type-video is-provider-youtube wp-block-embed-youtube wp-embed-aspect-4-3 wp-has-aspect-ratio\"><div class=\"wp-block-embed__wrapper\">\n<div  id=\"_ytid_55816\" class=\"__youtube_prefs__  __youtube_prefs_gdpr__  epyt-is-override \" allowfullscreen data-no-lazy=\"1\" data-skipgform_ajax_framebjll=\"\"><p>Bitte akzeptieren Sie YouTube-Cookies, um dieses Video abzuspielen. Wenn Sie dies akzeptieren, greifen Sie auf Inhalte von YouTube zu, einem Dienst, der von einer externen dritten Partei bereitgestellt wird.<\/p>\n<p><a href=\"https:\/\/policies.google.com\/privacy\" target=\"_blank\" rel=\"noopener\">YouTube privacy policy<\/a><\/p>\n<p>Wenn Sie diesen Hinweis akzeptieren, wird Ihre Wahl gespeichert und die Seite wird aktualisiert.<\/p>\n<button type=\"button\" class=\"__youtube_prefs_gdpr__\">YouTube Inhalte akzeptieren<img decoding=\"async\" src=\"https:\/\/qzm-rn.de\/wp-content\/plugins\/youtube-embed-plus\/images\/icon-check.png\" alt=\"accept\" data-no-lazy=\"1\" data-skipgform_ajax_framebjll=\"\" \/><\/button><\/div>\n<\/div><\/figure>\n\n\n\n<p>Eine Er\u00f6ffnungsfeier in den \u00dcbergangsr\u00e4umen wird erst in einigen Monaten folgen, dann mit hoffentlich niedrigen Infektionszahlen und dadurch mehr G\u00e4st*innen vor Ort.<\/p>\n\n\n\n<p>Auch davor wird es Vor-Ort und hybride Veranstaltungen geben, zu denen wir rechtzeitig einladen.<\/p>\n\n\n\n<p><strong>Sonstiges<\/strong><\/p>\n\n\n\n<p>Wir suchen weiterhin nach einem Grundst\u00fcck f\u00fcr den QZM-Neubau. Die wichtigsten Faktoren f\u00fcr ein Grundst\u00fcck sind Standort (zentral, gut erreichbar\/angebunden, sicher) und Gr\u00f6\u00dfe (ab ca. 1.000 qm). M\u00f6gliche Optionen sind Kauf, Erbpacht und Miete des Grundst\u00fccks.<\/p>\n\n\n\n<p>Wenn ihr etwas wisst oder h\u00f6rt, meldet euch bitte bei uns!<\/p>\n\n\n\n<p>Unsere kommenden Termine, zu denen wir euch herzlich einladen m\u00f6chten, sind:<\/p>\n\n\n\n<ul class=\"wp-block-list\"><li><strong>Mitgliederversammlung am 06.06.<\/strong><\/li><li><strong>4. Community-Workshop &#8222;\u00dcbergangsimmobilie&#8220; am 12.06., 10-14 Uhr<\/strong><\/li><li><strong>Community-Call Juni am \u00a026.06., 10-11 Uhr<\/strong><\/li><\/ul>\n\n\n\n<p>Wie immer gilt: Meldet euch bei Nachfragen gerne.<\/p>\n\n\n\n<p>Euer QZM-Vorstand<\/p>\n\n\n\n<p>Susanne, Matthias, Sarah, Johannah und Katrin<\/p>\n\n\n\n<hr class=\"wp-block-separator\"\/>\n\n\n\n<p>[Thanks to Mai Montgomery for the translation!]<\/p>\n\n\n\n<p>Dear all,<\/p>\n\n\n\n<p>A lot has happened this May, and the excitement looks to continue in June. We\u2019ve particularly been looking forward to moving into our temporary property!<\/p>\n\n\n\n<p><strong>A temporary home in Mannheim\u2019s \u2018Quadraten\u2019.<\/strong><\/p>\n\n\n\n<p>On June 1<sup>st<\/sup>, we moved into our provisional home in G7, and we\u2019re feeling really excited about this new stage! The landlord is currently carrying out two renovations: the toilets on the ground floor will be expanded and made accessible for all, and a sliding door will be installed in the internal staircases that connect the two floors. We\u2019d also like to build a counter in front of the long window; we\u2019d be very grateful if those members of our community with a penchant for handiwork could help us out here!<\/p>\n\n\n\n<p>We\u2019d like to use our 4<sup>th<\/sup> community workshop to talk with you about how the rooms can be used by different groups, which events we can hold on-site, and how we can divide the use of these rooms up fairly. This will take place online on June 12<sup>th<\/sup>; an invitation with relevant links will follow. We welcome not just individuals, but also groups and associations who would like to use the space.<\/p>\n\n\n\n<p>In order for you all to get a feeling for what the rooms look like beforehand, we will be arranging visits between the 3<sup>rd<\/sup> and 11<sup>th<\/sup> June. We will also organise a video tour for those who can\u2019t make it in person. You can find out more about these visits and register your interest here: <a href=\"https:\/\/docs.google.com\/document\/d\/1Lbf58gyX-NE1RdmRi4Y9Y-p8NYhG_SRWb1We7UGakmA\/edit\">https:\/\/docs.google.com\/document\/d\/1Lbf58gyX-NE1RdmRi4Y9Y-p8NYhG_SRWb1We7UGakmA\/edit<\/a>.<\/p>\n\n\n\n<p><strong>Joining the association and Annual General Meeting (AGM)<\/strong><\/p>\n\n\n\n<p>As of May 11<sup>th<\/sup> it became possible to become a member of the association. We currently have 34 members\u2014many thanks for the generous donations made so far! Those who join before 6<sup>th<\/sup> June can also take part in our AGM and have a say in how the association is run. You can find our online membership form here: <a href=\"https:\/\/qzm-rn.de\/antrag-auf-mitgliedschaft\/\">https:\/\/qzm-rn.de\/antrag-auf-mitgliedschaft\/<\/a>. Members should already have received an invitation to the AGM as well as the agenda for the day. In addition to our annual report, we will also discuss the membership fee and the appointment of an advisory board.<\/p>\n\n\n\n<p><strong>Events<\/strong><\/p>\n\n\n\n<p>In May, we held another \u2018Technology 101\u2019 course about how to use Signal. All QZM chat groups have now been moved to this messenger platform.<\/p>\n\n\n\n<p>In addition to this, we also held five events as part of Rainbow Family week. These were organised together with ILSE Rhein-Neckar and PLUS Rhein-Neckar, and in cooperation with the LSVD Baden-W\u00fcrttemberg and the LGBTI commissioner of the city of Mannheim.<\/p>\n\n\n\n<p>Some of these events were recorded: the panel discussion \u2018What do Rainbow Families Need?\u2014Desires and Realities\u2019 with Katharina Binder (LSVD BW), Rebecca Rottler (BerTA Stuttgart), Jj Link (Landesnetzwerk LSBTTIQ BW), Ulli Biechele (PLUS Rhein-Neckar) and Matthias K\u00fcck (ILSE Rhein-Neckar) is now available on our YouTube channel: <a href=\"https:\/\/www.youtube.com\/watch?v=D6lnjAYzLrQ&amp;t=30s\">https:\/\/www.youtube.com\/watch?v=D6lnjAYzLrQ&amp;t=30s<\/a> Similarly, our event \u2018QZM meets\u2026 Rainbow Family Center Munich\u2019 gave us an exciting insight into the Center\u2019s work both before and after Corona, and can be found here: <a href=\"https:\/\/www.youtube.com\/watch?v=VOzG1CGlDFc\">https:\/\/www.youtube.com\/watch?v=VOzG1CGlDFc<\/a><\/p>\n\n\n\n<p>We will be holding an opening ceremony in our temporary property some time in the next few months, and hope that infection rates will continue to decrease, allowing us to open our doors to more guests than is currently possible. Before this, however, we do hope to run some on-site and hybrid events, to which we will invite you in the coming weeks and months.<\/p>\n\n\n\n<p><strong>Miscellaneous<\/strong><\/p>\n\n\n\n<p>We are still looking for a plot of land for the new QZM building. The most important factors for this property are location (central\/easily accessible\/connected\/secure) and size (from approx.. 1000m<sup>2<\/sup>). We are open to buying, leasing, or renting the space. If you know or hear something, please get in touch!<\/p>\n\n\n\n<p>You are all warmly invited to our upcoming events, which are:<\/p>\n\n\n\n<ul class=\"wp-block-list\"><li>Annual General Meeting on June 6<sup>th<\/sup><\/li><li>4<sup>th<\/sup> Community Workshop: \u2018Temporary Real Estate\u2019 on June 12<sup>th<\/sup>, 10 am \u2013 2pm<\/li><li>June Community Call on June 26<sup>th<\/sup>, 10 am \u2013 11 am<\/li><\/ul>\n\n\n\n<p>As always, please do contact us if you have any questions.<\/p>\n\n\n\n<p>Your QZM board,<\/p>\n\n\n\n<p>Susanne, Matthias, Sarah, Johannah, and Katrin<\/p>\n","protected":false},"excerpt":{"rendered":"<p>Hier findest du den Newsletter mit allen Updates vom 31.Mai 2021.<\/p>\n<p>Here you can find all updates about the QZM from May 31st 2021!<\/p>","protected":false},"author":2,"featured_media":931,"comment_status":"closed","ping_status":"open","sticky":false,"template":"","format":"standard","meta":{"_tec_requires_first_save":true,"_eb_attr":"","neve_meta_sidebar":"","neve_meta_container":"","neve_meta_enable_content_width":"","neve_meta_content_width":0,"neve_meta_title_alignment":"","neve_meta_author_avatar":"","neve_post_elements_order":"","neve_meta_disable_header":"","neve_meta_disable_footer":"","neve_meta_disable_title":"","_EventAllDay":false,"_EventTimezone":"","_EventStartDate":"","_EventEndDate":"","_EventStartDateUTC":"","_EventEndDateUTC":"","_EventShowMap":false,"_EventShowMapLink":false,"_EventURL":"","_EventCost":"","_EventCostDescription":"","_EventCurrencySymbol":"","_EventCurrencyCode":"","_EventCurrencyPosition":"","_EventDateTimeSeparator":"","_EventTimeRangeSeparator":"","_EventOrganizerID":[],"_EventVenueID":[],"_OrganizerEmail":"","_OrganizerPhone":"","_OrganizerWebsite":"","_VenueAddress":"","_VenueCity":"","_VenueCountry":"","_VenueProvince":"","_VenueState":"","_VenueZip":"","_VenuePhone":"","_VenueURL":"","_VenueStateProvince":"","_VenueLat":"","_VenueLng":"","_VenueShowMap":false,"_VenueShowMapLink":false,"_tribe_blocks_recurrence_rules":"","_tribe_blocks_recurrence_description":"","_tribe_blocks_recurrence_exclusions":"","iawp_total_views":0,"_jetpack_memberships_contains_paid_content":false,"footnotes":""},"categories":[6,4],"tags":[78,71,30,34,36,108,109,79,48,10,11],"class_list":["post-930","post","type-post","status-publish","format-standard","has-post-thumbnail","hentry","category-news","category-qzm","tag-community","tag-lgbti","tag-lgbttiq","tag-lsbti","tag-lsbttiq","tag-mai","tag-may","tag-newsletter","tag-queer","tag-queeres-zentrum-mannheim","tag-qzm"],"jetpack_featured_media_url":"https:\/\/qzm-rn.de\/wp-content\/uploads\/2021\/06\/update-Mai.png","jetpack_sharing_enabled":true,"_links":{"self":[{"href":"https:\/\/qzm-rn.de\/en\/wp-json\/wp\/v2\/posts\/930","targetHints":{"allow":["GET"]}}],"collection":[{"href":"https:\/\/qzm-rn.de\/en\/wp-json\/wp\/v2\/posts"}],"about":[{"href":"https:\/\/qzm-rn.de\/en\/wp-json\/wp\/v2\/types\/post"}],"author":[{"embeddable":true,"href":"https:\/\/qzm-rn.de\/en\/wp-json\/wp\/v2\/users\/2"}],"replies":[{"embeddable":true,"href":"https:\/\/qzm-rn.de\/en\/wp-json\/wp\/v2\/comments?post=930"}],"version-history":[{"count":0,"href":"https:\/\/qzm-rn.de\/en\/wp-json\/wp\/v2\/posts\/930\/revisions"}],"wp:featuredmedia":[{"embeddable":true,"href":"https:\/\/qzm-rn.de\/en\/wp-json\/wp\/v2\/media\/931"}],"wp:attachment":[{"href":"https:\/\/qzm-rn.de\/en\/wp-json\/wp\/v2\/media?parent=930"}],"wp:term":[{"taxonomy":"category","embeddable":true,"href":"https:\/\/qzm-rn.de\/en\/wp-json\/wp\/v2\/categories?post=930"},{"taxonomy":"post_tag","embeddable":true,"href":"https:\/\/qzm-rn.de\/en\/wp-json\/wp\/v2\/tags?post=930"}],"curies":[{"name":"wp","href":"https:\/\/api.w.org\/{rel}","templated":true}]}}